{"id":59,"date":"2022-08-17T18:08:46","date_gmt":"2022-08-17T16:08:46","guid":{"rendered":"https:\/\/kadence.pixel-show.com\/niche-news\/?p=59"},"modified":"2022-12-21T09:14:46","modified_gmt":"2022-12-21T08:14:46","slug":"warum-wir-regionale-produkte-kaufen-sollten","status":"publish","type":"post","link":"https:\/\/blafor.com\/regio\/warum-wir-regionale-produkte-kaufen-sollten\/","title":{"rendered":"Warum wir regionale Produkte kaufen sollten"},"content":{"rendered":"\n<p>Warum soll ich regionale Produkte kaufen? Diese Frage stellen sich immer mehr Menschen, da sie verstanden haben, um was es letztendlich geht. Denn wer z. B. saisonale Lebensmittel aus der Region Schwarzwald kauft, bekommt nicht nur frischere Produkte und guten Geschmack sondern unterst\u00fctzt gleichzeitig lokale Landwirte, Erzeuger, H\u00e4ndler sowie St\u00e4dte und Kommunen. <\/p>\n\n\n<style>.wp-block-kadence-advancedheading.kt-adv-heading_f32161-2b, .wp-block-kadence-advancedheading.kt-adv-heading_f32161-2b[data-kb-block=\"kb-adv-heading_f32161-2b\"]{font-style:normal;}.wp-block-kadence-advancedheading.kt-adv-heading_f32161-2b mark.kt-highlight, .wp-block-kadence-advancedheading.kt-adv-heading_f32161-2b[data-kb-block=\"kb-adv-heading_f32161-2b\"] mark.kt-highlight{font-style:normal;color:#f76a0c;-webkit-box-decoration-break:clone;box-decoration-break:clone;padding-top:0px;padding-right:0px;padding-bottom:0px;padding-left:0px;}.wp-block-kadence-advancedheading.kt-adv-heading_f32161-2b img.kb-inline-image, .wp-block-kadence-advancedheading.kt-adv-heading_f32161-2b[data-kb-block=\"kb-adv-heading_f32161-2b\"] img.kb-inline-image{width:150px;vertical-align:baseline;}<\/style>\n<h2 class=\"kt-adv-heading_f32161-2b wp-block-kadence-advancedheading\" data-kb-block=\"kb-adv-heading_f32161-2b\">Bei regionalen Erzeugern einkaufen ist &#8222;nachhaltig&#8220;.<\/h2>\n\n\n\n<p>Regional erzeugte Produkte gelangen auf k\u00fcrzesten Transportwegen zum Verbraucher*innen. Bei Hofl\u00e4den gibt es gar keine Transportwege und das schont auch die Umwelt. <\/p>\n\n\n<style>.wp-block-kadence-advancedheading.kt-adv-heading_ca6444-88, .wp-block-kadence-advancedheading.kt-adv-heading_ca6444-88[data-kb-block=\"kb-adv-heading_ca6444-88\"]{font-style:normal;}.wp-block-kadence-advancedheading.kt-adv-heading_ca6444-88 mark.kt-highlight, .wp-block-kadence-advancedheading.kt-adv-heading_ca6444-88[data-kb-block=\"kb-adv-heading_ca6444-88\"] mark.kt-highlight{font-style:normal;color:#f76a0c;-webkit-box-decoration-break:clone;box-decoration-break:clone;padding-top:0px;padding-right:0px;padding-bottom:0px;padding-left:0px;}.wp-block-kadence-advancedheading.kt-adv-heading_ca6444-88 img.kb-inline-image, .wp-block-kadence-advancedheading.kt-adv-heading_ca6444-88[data-kb-block=\"kb-adv-heading_ca6444-88\"] img.kb-inline-image{width:150px;vertical-align:baseline;}<\/style>\n<h2 class=\"kt-adv-heading_ca6444-88 wp-block-kadence-advancedheading\" data-kb-block=\"kb-adv-heading_ca6444-88\">Lokale bzw. regionale Lebensmittel<\/h2>\n\n\n\n<p>Was verstehen wir unter lokale bzw. regionale Lebensmittel? Es sind Lebensmittel, die in der Region Schwarzwald erzeugt, verkauft und verbraucht werden. <\/p>\n\n\n\n<p>Leider ist der allgemeine Begriff &#8222;Region&#8220; als solcher weder gesch\u00fctzt noch gibt es eine allgemein verbindliche Definition. Auf BlaFor.com ist die Definition &#8222;Region Schwarzwald&#8220; klar geregelt. Hier auf <a href=\"https:\/\/blafor.com\/guide\/schwarzwald\/\" target=\"_blank\" rel=\"noreferrer noopener\">BlaFor.com Guide<\/a> nachzulesen.<\/p>\n\n\n<style>.wp-block-kadence-advancedheading.kt-adv-heading_e2277f-3e, .wp-block-kadence-advancedheading.kt-adv-heading_e2277f-3e[data-kb-block=\"kb-adv-heading_e2277f-3e\"]{font-style:normal;}.wp-block-kadence-advancedheading.kt-adv-heading_e2277f-3e mark.kt-highlight, .wp-block-kadence-advancedheading.kt-adv-heading_e2277f-3e[data-kb-block=\"kb-adv-heading_e2277f-3e\"] mark.kt-highlight{font-style:normal;color:#f76a0c;-webkit-box-decoration-break:clone;box-decoration-break:clone;padding-top:0px;padding-right:0px;padding-bottom:0px;padding-left:0px;}.wp-block-kadence-advancedheading.kt-adv-heading_e2277f-3e img.kb-inline-image, .wp-block-kadence-advancedheading.kt-adv-heading_e2277f-3e[data-kb-block=\"kb-adv-heading_e2277f-3e\"] img.kb-inline-image{width:150px;vertical-align:baseline;}<\/style>\n<h2 class=\"kt-adv-heading_e2277f-3e wp-block-kadence-advancedheading\" data-kb-block=\"kb-adv-heading_e2277f-3e\">Vorhandene regionale Angebote werden geb\u00fcndelt <\/h2>\n\n\n<style>#kt-layout-id_435f33-ff > .kt-row-column-wrap{align-content:start;}:where(#kt-layout-id_435f33-ff > .kt-row-column-wrap) > .wp-block-kadence-column{justify-content:start;}#kt-layout-id_435f33-ff > .kt-row-column-wrap{column-gap:var(--global-kb-gap-md, 2rem);row-gap:var(--global-kb-gap-md, 2rem);padding-top:var( --global-kb-row-default-top, 25px );padding-bottom:var( --global-kb-row-default-bottom, 25px );padding-top:0px;padding-bottom:0px;padding-left:0px;padding-right:0px;grid-template-columns:repeat(2, minmax(0, 1fr));}#kt-layout-id_435f33-ff > .kt-row-layout-overlay{opacity:0.30;}@media all and (max-width: 1024px){#kt-layout-id_435f33-ff > .kt-row-column-wrap{grid-template-columns:repeat(2, minmax(0, 1fr));}}@media all and (max-width: 767px){#kt-layout-id_435f33-ff > .kt-row-column-wrap{grid-template-columns:minmax(0, 1fr);}}<\/style>\n<div class=\"wp-block-kadence-rowlayout alignnone\"><div id=\"kt-layout-id_435f33-ff\" class=\"kt-row-layout-inner kt-layout-id_435f33-ff\"><div class=\"kt-row-column-wrap kt-has-2-columns kt-gutter-default kt-v-gutter-default kt-row-valign-top kt-row-layout-equal kt-tab-layout-inherit kt-m-colapse-left-to-right kt-mobile-layout-row\"><style>.kadence-column_43dce1-c0 > .kt-inside-inner-col{border-top-width:0px;border-right-width:0px;border-bottom-width:0px;border-left-width:0px;}.kadence-column_43dce1-c0 > .kt-inside-inner-col,.kadence-column_43dce1-c0 > .kt-inside-inner-col:before{border-top-left-radius:0px;border-top-right-radius:0px;border-bottom-right-radius:0px;border-bottom-left-radius:0px;}.kadence-column_43dce1-c0 > .kt-inside-inner-col{column-gap:var(--global-kb-gap-sm, 1rem);}.kadence-column_43dce1-c0 > .kt-inside-inner-col{flex-direction:column;}.kadence-column_43dce1-c0 > .kt-inside-inner-col > .aligncenter{width:100%;}.kadence-column_43dce1-c0 > .kt-inside-inner-col:before{opacity:0.3;}.kadence-column_43dce1-c0{position:relative;}@media all and (max-width: 1024px){.kadence-column_43dce1-c0 > .kt-inside-inner-col{flex-direction:column;justify-content:center;}}@media all and (max-width: 767px){.kadence-column_43dce1-c0 > .kt-inside-inner-col{flex-direction:column;justify-content:center;}}<\/style>\n<div class=\"wp-block-kadence-column inner-column-1 kadence-column_43dce1-c0\"><div class=\"kt-inside-inner-col\"><style>.kb-image_101a0d-26 .kb-image-has-overlay:after{opacity:0.3;}<\/style>\n<div class=\"wp-block-kadence-image kb-image_101a0d-26\"><figure class=\"aligncenter size-large\"><a href=\"https:\/\/blafor.com\/guide\/\" class=\"kb-advanced-image-link\" target=\"_blank\" rel=\"noopener noreferrer\"><img loading=\"lazy\" decoding=\"async\" width=\"1024\" height=\"575\" src=\"https:\/\/blafor.com\/regio\/wp-content\/uploads\/sites\/7\/2022\/08\/guide106-1024x575.jpg\" alt=\"\" class=\"kb-img wp-image-1678\" srcset=\"https:\/\/blafor.com\/regio\/wp-content\/uploads\/sites\/7\/2022\/08\/guide106-1024x575.jpg 1024w, https:\/\/blafor.com\/regio\/wp-content\/uploads\/sites\/7\/2022\/08\/guide106-300x168.jpg 300w, https:\/\/blafor.com\/regio\/wp-content\/uploads\/sites\/7\/2022\/08\/guide106-768x431.jpg 768w, https:\/\/blafor.com\/regio\/wp-content\/uploads\/sites\/7\/2022\/08\/guide106.jpg 1069w\" sizes=\"auto, (max-width: 1024px) 100vw, 1024px\" \/><\/a><figcaption>Besuche BlaFor.com Guide<\/figcaption><\/figure><\/div>\n<\/div><\/div>\n\n\n<style>.kadence-column_117745-3a > .kt-inside-inner-col{border-top-width:0px;border-right-width:0px;border-bottom-width:0px;border-left-width:0px;}.kadence-column_117745-3a > .kt-inside-inner-col,.kadence-column_117745-3a > .kt-inside-inner-col:before{border-top-left-radius:0px;border-top-right-radius:0px;border-bottom-right-radius:0px;border-bottom-left-radius:0px;}.kadence-column_117745-3a > .kt-inside-inner-col{column-gap:var(--global-kb-gap-sm, 1rem);}.kadence-column_117745-3a > .kt-inside-inner-col{flex-direction:column;}.kadence-column_117745-3a > .kt-inside-inner-col > .aligncenter{width:100%;}.kadence-column_117745-3a > .kt-inside-inner-col:before{opacity:0.3;}.kadence-column_117745-3a{position:relative;}@media all and (max-width: 1024px){.kadence-column_117745-3a > .kt-inside-inner-col{flex-direction:column;justify-content:center;}}@media all and (max-width: 767px){.kadence-column_117745-3a > .kt-inside-inner-col{flex-direction:column;justify-content:center;}}<\/style>\n<div class=\"wp-block-kadence-column inner-column-2 kadence-column_117745-3a\"><div class=\"kt-inside-inner-col\"><style>.kb-image_bb7069-3e .kb-image-has-overlay:after{opacity:0.3;}<\/style>\n<div class=\"wp-block-kadence-image kb-image_bb7069-3e\"><figure class=\"aligncenter\"><a href=\"https:\/\/blafor.com\/markt\/katalog\/\" class=\"kb-advanced-image-link\" target=\"_blank\" rel=\"noopener noreferrer\"><img loading=\"lazy\" decoding=\"async\" width=\"1069\" height=\"600\" src=\"https:\/\/blafor.com\/regio\/wp-content\/uploads\/sites\/7\/2022\/02\/bfc-markt-401.jpg\" alt=\"\" class=\"kb-img wp-image-1324\" srcset=\"https:\/\/blafor.com\/regio\/wp-content\/uploads\/sites\/7\/2022\/02\/bfc-markt-401.jpg 1069w, https:\/\/blafor.com\/regio\/wp-content\/uploads\/sites\/7\/2022\/02\/bfc-markt-401-300x168.jpg 300w, https:\/\/blafor.com\/regio\/wp-content\/uploads\/sites\/7\/2022\/02\/bfc-markt-401-1024x575.jpg 1024w, https:\/\/blafor.com\/regio\/wp-content\/uploads\/sites\/7\/2022\/02\/bfc-markt-401-768x431.jpg 768w\" sizes=\"auto, (max-width: 1069px) 100vw, 1069px\" \/><\/a><figcaption>Besuche BlaFor.com Marktplatz<\/figcaption><\/figure><\/div>\n<\/div><\/div>\n<\/div><\/div><\/div>\n\n\n\n<p>Wir haben uns zur Aufgabe gemacht, lokale Manufakturen, H\u00e4ndler, Erzeuger, Landwirte, Direktvermarkter und Dienstleister aus der Region Schwarzwald zu f\u00f6rdern, den Erhalt der Schwarzw\u00e4lder Unternehmen nachhaltig zu st\u00e4rken und die Vermarktung regionaler Produkte aus der Region Schwarzwald zu unterst\u00fctzen.<\/p>\n","protected":false},"excerpt":{"rendered":"<p>Warum soll ich regionale Produkte kaufen? Diese Frage stellen sich immer mehr&#8230;<\/p>\n","protected":false},"author":1,"featured_media":1522,"comment_status":"open","ping_status":"open","sticky":false,"template":"","format":"standard","meta":{"_kad_blocks_custom_css":"","_kad_blocks_head_custom_js":"","_kad_blocks_body_custom_js":"","_kad_blocks_footer_custom_js":"","_kadence_starter_templates_imported_post":true,"_kad_post_transparent":"","_kad_post_title":"","_kad_post_layout":"","_kad_post_sidebar_id":"","_kad_post_content_style":"","_kad_post_vertical_padding":"","_kad_post_feature":"","_kad_post_feature_position":"","_kad_post_header":false,"_kad_post_footer":false,"_kad_post_classname":"","footnotes":""},"categories":[66],"tags":[14,12,13,11],"class_list":["post-59","post","type-post","status-publish","format-standard","has-post-thumbnail","hentry","category-ratgeber","tag-mittelschwarzwald","tag-nordschwarzwald","tag-rheinebene","tag-sudschwarzwald"],"yoast_head":"<!-- This site is optimized with the Yoast SEO plugin v27.5 - https:\/\/yoast.com\/product\/yoast-seo-wordpress\/ -->\n<title>Warum wir regionale Produkte kaufen sollten - BlaFor.com Regio<\/title>\n<meta name=\"description\" content=\"Bei regionalen Erzeugern einkaufen ist &quot;in&quot; und &quot;nachhaltig&quot;. Aus der Region f\u00fcr die Region. Warum wir regionale Produkte kaufen sollten.\" \/>\n<meta name=\"robots\" content=\"index, follow, max-snippet:-1, max-image-preview:large, max-video-preview:-1\" \/>\n<link rel=\"canonical\" href=\"https:\/\/blafor.com\/regio\/warum-wir-regionale-produkte-kaufen-sollten\/\" \/>\n<meta property=\"og:locale\" content=\"de_DE\" \/>\n<meta property=\"og:type\" content=\"article\" \/>\n<meta property=\"og:title\" content=\"Warum wir regionale Produkte kaufen sollten - BlaFor.com Regio\" \/>\n<meta property=\"og:description\" content=\"Bei regionalen Erzeugern einkaufen ist &quot;in&quot; und &quot;nachhaltig&quot;. Aus der Region f\u00fcr die Region. Warum wir regionale Produkte kaufen sollten.\" \/>\n<meta property=\"og:url\" content=\"https:\/\/blafor.com\/regio\/warum-wir-regionale-produkte-kaufen-sollten\/\" \/>\n<meta property=\"og:site_name\" content=\"BlaFor.com Regio\" \/>\n<meta property=\"article:published_time\" content=\"2022-08-17T16:08:46+00:00\" \/>\n<meta property=\"article:modified_time\" content=\"2022-12-21T08:14:46+00:00\" \/>\n<meta property=\"og:image\" content=\"https:\/\/blafor.com\/regio\/wp-content\/uploads\/sites\/7\/2022\/08\/weihnachten7101.jpg\" \/>\n\t<meta property=\"og:image:width\" content=\"1069\" \/>\n\t<meta property=\"og:image:height\" content=\"600\" \/>\n\t<meta property=\"og:image:type\" content=\"image\/jpeg\" \/>\n<meta name=\"author\" content=\"ALIZEL\" \/>\n<meta name=\"twitter:card\" content=\"summary_large_image\" \/>\n<meta name=\"twitter:label1\" content=\"Verfasst von\" \/>\n\t<meta name=\"twitter:data1\" content=\"ALIZEL\" \/>\n\t<meta name=\"twitter:label2\" content=\"Gesch\u00e4tzte Lesezeit\" \/>\n\t<meta name=\"twitter:data2\" content=\"2\u00a0Minuten\" \/>\n<script type=\"application\/ld+json\" class=\"yoast-schema-graph\">{\"@context\":\"https:\\\/\\\/schema.org\",\"@graph\":[{\"@type\":\"Article\",\"@id\":\"https:\\\/\\\/blafor.com\\\/regio\\\/warum-wir-regionale-produkte-kaufen-sollten\\\/#article\",\"isPartOf\":{\"@id\":\"https:\\\/\\\/blafor.com\\\/regio\\\/warum-wir-regionale-produkte-kaufen-sollten\\\/\"},\"author\":{\"name\":\"ALIZEL\",\"@id\":\"https:\\\/\\\/blafor.com\\\/regio\\\/#\\\/schema\\\/person\\\/79eff7a1421b6bad914d5e120f902264\"},\"headline\":\"Warum wir regionale Produkte kaufen sollten\",\"datePublished\":\"2022-08-17T16:08:46+00:00\",\"dateModified\":\"2022-12-21T08:14:46+00:00\",\"mainEntityOfPage\":{\"@id\":\"https:\\\/\\\/blafor.com\\\/regio\\\/warum-wir-regionale-produkte-kaufen-sollten\\\/\"},\"wordCount\":209,\"commentCount\":0,\"publisher\":{\"@id\":\"https:\\\/\\\/blafor.com\\\/regio\\\/#organization\"},\"image\":{\"@id\":\"https:\\\/\\\/blafor.com\\\/regio\\\/warum-wir-regionale-produkte-kaufen-sollten\\\/#primaryimage\"},\"thumbnailUrl\":\"https:\\\/\\\/blafor.com\\\/regio\\\/wp-content\\\/uploads\\\/sites\\\/7\\\/2022\\\/08\\\/weihnachten7101.jpg\",\"keywords\":[\"Mittelschwarzwald\",\"Nordschwarzwald\",\"Rheinebene\",\"S\u00fcdschwarzwald\"],\"articleSection\":[\"Ratgeber\"],\"inLanguage\":\"de\",\"potentialAction\":[{\"@type\":\"CommentAction\",\"name\":\"Comment\",\"target\":[\"https:\\\/\\\/blafor.com\\\/regio\\\/warum-wir-regionale-produkte-kaufen-sollten\\\/#respond\"]}]},{\"@type\":\"WebPage\",\"@id\":\"https:\\\/\\\/blafor.com\\\/regio\\\/warum-wir-regionale-produkte-kaufen-sollten\\\/\",\"url\":\"https:\\\/\\\/blafor.com\\\/regio\\\/warum-wir-regionale-produkte-kaufen-sollten\\\/\",\"name\":\"Warum wir regionale Produkte kaufen sollten - BlaFor.com Regio\",\"isPartOf\":{\"@id\":\"https:\\\/\\\/blafor.com\\\/regio\\\/#website\"},\"primaryImageOfPage\":{\"@id\":\"https:\\\/\\\/blafor.com\\\/regio\\\/warum-wir-regionale-produkte-kaufen-sollten\\\/#primaryimage\"},\"image\":{\"@id\":\"https:\\\/\\\/blafor.com\\\/regio\\\/warum-wir-regionale-produkte-kaufen-sollten\\\/#primaryimage\"},\"thumbnailUrl\":\"https:\\\/\\\/blafor.com\\\/regio\\\/wp-content\\\/uploads\\\/sites\\\/7\\\/2022\\\/08\\\/weihnachten7101.jpg\",\"datePublished\":\"2022-08-17T16:08:46+00:00\",\"dateModified\":\"2022-12-21T08:14:46+00:00\",\"description\":\"Bei regionalen Erzeugern einkaufen ist \\\"in\\\" und \\\"nachhaltig\\\". Aus der Region f\u00fcr die Region. Warum wir regionale Produkte kaufen sollten.\",\"breadcrumb\":{\"@id\":\"https:\\\/\\\/blafor.com\\\/regio\\\/warum-wir-regionale-produkte-kaufen-sollten\\\/#breadcrumb\"},\"inLanguage\":\"de\",\"potentialAction\":[{\"@type\":\"ReadAction\",\"target\":[\"https:\\\/\\\/blafor.com\\\/regio\\\/warum-wir-regionale-produkte-kaufen-sollten\\\/\"]}]},{\"@type\":\"ImageObject\",\"inLanguage\":\"de\",\"@id\":\"https:\\\/\\\/blafor.com\\\/regio\\\/warum-wir-regionale-produkte-kaufen-sollten\\\/#primaryimage\",\"url\":\"https:\\\/\\\/blafor.com\\\/regio\\\/wp-content\\\/uploads\\\/sites\\\/7\\\/2022\\\/08\\\/weihnachten7101.jpg\",\"contentUrl\":\"https:\\\/\\\/blafor.com\\\/regio\\\/wp-content\\\/uploads\\\/sites\\\/7\\\/2022\\\/08\\\/weihnachten7101.jpg\",\"width\":1069,\"height\":600},{\"@type\":\"BreadcrumbList\",\"@id\":\"https:\\\/\\\/blafor.com\\\/regio\\\/warum-wir-regionale-produkte-kaufen-sollten\\\/#breadcrumb\",\"itemListElement\":[{\"@type\":\"ListItem\",\"position\":1,\"name\":\"Startseite\",\"item\":\"https:\\\/\\\/blafor.com\\\/regio\\\/\"},{\"@type\":\"ListItem\",\"position\":2,\"name\":\"Warum wir regionale Produkte kaufen sollten\"}]},{\"@type\":\"WebSite\",\"@id\":\"https:\\\/\\\/blafor.com\\\/regio\\\/#website\",\"url\":\"https:\\\/\\\/blafor.com\\\/regio\\\/\",\"name\":\"BlaFor.com Regio\",\"description\":\"Regionale Anbieter aus dem Schwarzwald\",\"publisher\":{\"@id\":\"https:\\\/\\\/blafor.com\\\/regio\\\/#organization\"},\"potentialAction\":[{\"@type\":\"SearchAction\",\"target\":{\"@type\":\"EntryPoint\",\"urlTemplate\":\"https:\\\/\\\/blafor.com\\\/regio\\\/?s={search_term_string}\"},\"query-input\":{\"@type\":\"PropertyValueSpecification\",\"valueRequired\":true,\"valueName\":\"search_term_string\"}}],\"inLanguage\":\"de\"},{\"@type\":\"Organization\",\"@id\":\"https:\\\/\\\/blafor.com\\\/regio\\\/#organization\",\"name\":\"BlaFor.com Regio\",\"url\":\"https:\\\/\\\/blafor.com\\\/regio\\\/\",\"logo\":{\"@type\":\"ImageObject\",\"inLanguage\":\"de\",\"@id\":\"https:\\\/\\\/blafor.com\\\/regio\\\/#\\\/schema\\\/logo\\\/image\\\/\",\"url\":\"https:\\\/\\\/blafor.com\\\/regio\\\/wp-content\\\/uploads\\\/sites\\\/7\\\/2022\\\/11\\\/cropped-bfc-shop64.png\",\"contentUrl\":\"https:\\\/\\\/blafor.com\\\/regio\\\/wp-content\\\/uploads\\\/sites\\\/7\\\/2022\\\/11\\\/cropped-bfc-shop64.png\",\"width\":400,\"height\":160,\"caption\":\"BlaFor.com Regio\"},\"image\":{\"@id\":\"https:\\\/\\\/blafor.com\\\/regio\\\/#\\\/schema\\\/logo\\\/image\\\/\"}},{\"@type\":\"Person\",\"@id\":\"https:\\\/\\\/blafor.com\\\/regio\\\/#\\\/schema\\\/person\\\/79eff7a1421b6bad914d5e120f902264\",\"name\":\"ALIZEL\",\"sameAs\":[\"https:\\\/\\\/blafor.com\"],\"url\":\"https:\\\/\\\/blafor.com\\\/regio\\\/author\\\/zeljko\\\/\"}]}<\/script>\n<!-- \/ Yoast SEO plugin. -->","yoast_head_json":{"title":"Warum wir regionale Produkte kaufen sollten - BlaFor.com Regio","description":"Bei regionalen Erzeugern einkaufen ist \"in\" und \"nachhaltig\". Aus der Region f\u00fcr die Region. Warum wir regionale Produkte kaufen sollten.","robots":{"index":"index","follow":"follow","max-snippet":"max-snippet:-1","max-image-preview":"max-image-preview:large","max-video-preview":"max-video-preview:-1"},"canonical":"https:\/\/blafor.com\/regio\/warum-wir-regionale-produkte-kaufen-sollten\/","og_locale":"de_DE","og_type":"article","og_title":"Warum wir regionale Produkte kaufen sollten - BlaFor.com Regio","og_description":"Bei regionalen Erzeugern einkaufen ist \"in\" und \"nachhaltig\". Aus der Region f\u00fcr die Region. Warum wir regionale Produkte kaufen sollten.","og_url":"https:\/\/blafor.com\/regio\/warum-wir-regionale-produkte-kaufen-sollten\/","og_site_name":"BlaFor.com Regio","article_published_time":"2022-08-17T16:08:46+00:00","article_modified_time":"2022-12-21T08:14:46+00:00","og_image":[{"width":1069,"height":600,"url":"https:\/\/blafor.com\/regio\/wp-content\/uploads\/sites\/7\/2022\/08\/weihnachten7101.jpg","type":"image\/jpeg"}],"author":"ALIZEL","twitter_card":"summary_large_image","twitter_misc":{"Verfasst von":"ALIZEL","Gesch\u00e4tzte Lesezeit":"2\u00a0Minuten"},"schema":{"@context":"https:\/\/schema.org","@graph":[{"@type":"Article","@id":"https:\/\/blafor.com\/regio\/warum-wir-regionale-produkte-kaufen-sollten\/#article","isPartOf":{"@id":"https:\/\/blafor.com\/regio\/warum-wir-regionale-produkte-kaufen-sollten\/"},"author":{"name":"ALIZEL","@id":"https:\/\/blafor.com\/regio\/#\/schema\/person\/79eff7a1421b6bad914d5e120f902264"},"headline":"Warum wir regionale Produkte kaufen sollten","datePublished":"2022-08-17T16:08:46+00:00","dateModified":"2022-12-21T08:14:46+00:00","mainEntityOfPage":{"@id":"https:\/\/blafor.com\/regio\/warum-wir-regionale-produkte-kaufen-sollten\/"},"wordCount":209,"commentCount":0,"publisher":{"@id":"https:\/\/blafor.com\/regio\/#organization"},"image":{"@id":"https:\/\/blafor.com\/regio\/warum-wir-regionale-produkte-kaufen-sollten\/#primaryimage"},"thumbnailUrl":"https:\/\/blafor.com\/regio\/wp-content\/uploads\/sites\/7\/2022\/08\/weihnachten7101.jpg","keywords":["Mittelschwarzwald","Nordschwarzwald","Rheinebene","S\u00fcdschwarzwald"],"articleSection":["Ratgeber"],"inLanguage":"de","potentialAction":[{"@type":"CommentAction","name":"Comment","target":["https:\/\/blafor.com\/regio\/warum-wir-regionale-produkte-kaufen-sollten\/#respond"]}]},{"@type":"WebPage","@id":"https:\/\/blafor.com\/regio\/warum-wir-regionale-produkte-kaufen-sollten\/","url":"https:\/\/blafor.com\/regio\/warum-wir-regionale-produkte-kaufen-sollten\/","name":"Warum wir regionale Produkte kaufen sollten - BlaFor.com Regio","isPartOf":{"@id":"https:\/\/blafor.com\/regio\/#website"},"primaryImageOfPage":{"@id":"https:\/\/blafor.com\/regio\/warum-wir-regionale-produkte-kaufen-sollten\/#primaryimage"},"image":{"@id":"https:\/\/blafor.com\/regio\/warum-wir-regionale-produkte-kaufen-sollten\/#primaryimage"},"thumbnailUrl":"https:\/\/blafor.com\/regio\/wp-content\/uploads\/sites\/7\/2022\/08\/weihnachten7101.jpg","datePublished":"2022-08-17T16:08:46+00:00","dateModified":"2022-12-21T08:14:46+00:00","description":"Bei regionalen Erzeugern einkaufen ist \"in\" und \"nachhaltig\". Aus der Region f\u00fcr die Region. Warum wir regionale Produkte kaufen sollten.","breadcrumb":{"@id":"https:\/\/blafor.com\/regio\/warum-wir-regionale-produkte-kaufen-sollten\/#breadcrumb"},"inLanguage":"de","potentialAction":[{"@type":"ReadAction","target":["https:\/\/blafor.com\/regio\/warum-wir-regionale-produkte-kaufen-sollten\/"]}]},{"@type":"ImageObject","inLanguage":"de","@id":"https:\/\/blafor.com\/regio\/warum-wir-regionale-produkte-kaufen-sollten\/#primaryimage","url":"https:\/\/blafor.com\/regio\/wp-content\/uploads\/sites\/7\/2022\/08\/weihnachten7101.jpg","contentUrl":"https:\/\/blafor.com\/regio\/wp-content\/uploads\/sites\/7\/2022\/08\/weihnachten7101.jpg","width":1069,"height":600},{"@type":"BreadcrumbList","@id":"https:\/\/blafor.com\/regio\/warum-wir-regionale-produkte-kaufen-sollten\/#breadcrumb","itemListElement":[{"@type":"ListItem","position":1,"name":"Startseite","item":"https:\/\/blafor.com\/regio\/"},{"@type":"ListItem","position":2,"name":"Warum wir regionale Produkte kaufen sollten"}]},{"@type":"WebSite","@id":"https:\/\/blafor.com\/regio\/#website","url":"https:\/\/blafor.com\/regio\/","name":"BlaFor.com Regio","description":"Regionale Anbieter aus dem Schwarzwald","publisher":{"@id":"https:\/\/blafor.com\/regio\/#organization"},"potentialAction":[{"@type":"SearchAction","target":{"@type":"EntryPoint","urlTemplate":"https:\/\/blafor.com\/regio\/?s={search_term_string}"},"query-input":{"@type":"PropertyValueSpecification","valueRequired":true,"valueName":"search_term_string"}}],"inLanguage":"de"},{"@type":"Organization","@id":"https:\/\/blafor.com\/regio\/#organization","name":"BlaFor.com Regio","url":"https:\/\/blafor.com\/regio\/","logo":{"@type":"ImageObject","inLanguage":"de","@id":"https:\/\/blafor.com\/regio\/#\/schema\/logo\/image\/","url":"https:\/\/blafor.com\/regio\/wp-content\/uploads\/sites\/7\/2022\/11\/cropped-bfc-shop64.png","contentUrl":"https:\/\/blafor.com\/regio\/wp-content\/uploads\/sites\/7\/2022\/11\/cropped-bfc-shop64.png","width":400,"height":160,"caption":"BlaFor.com Regio"},"image":{"@id":"https:\/\/blafor.com\/regio\/#\/schema\/logo\/image\/"}},{"@type":"Person","@id":"https:\/\/blafor.com\/regio\/#\/schema\/person\/79eff7a1421b6bad914d5e120f902264","name":"ALIZEL","sameAs":["https:\/\/blafor.com"],"url":"https:\/\/blafor.com\/regio\/author\/zeljko\/"}]}},"taxonomy_info":{"category":[{"value":66,"label":"Ratgeber"}],"post_tag":[{"value":14,"label":"Mittelschwarzwald"},{"value":12,"label":"Nordschwarzwald"},{"value":13,"label":"Rheinebene"},{"value":11,"label":"S\u00fcdschwarzwald"}]},"featured_image_src_large":["https:\/\/blafor.com\/regio\/wp-content\/uploads\/sites\/7\/2022\/08\/weihnachten7101-1024x575.jpg",1024,575,true],"author_info":{"display_name":"ALIZEL","author_link":"https:\/\/blafor.com\/regio\/author\/zeljko\/"},"comment_info":0,"category_info":[{"term_id":66,"name":"Ratgeber","slug":"ratgeber","term_group":0,"term_taxonomy_id":66,"taxonomy":"category","description":"","parent":101,"count":2,"filter":"raw","cat_ID":66,"category_count":2,"category_description":"","cat_name":"Ratgeber","category_nicename":"ratgeber","category_parent":101}],"tag_info":[{"term_id":14,"name":"Mittelschwarzwald","slug":"mittelschwarzwald","term_group":0,"term_taxonomy_id":14,"taxonomy":"post_tag","description":"","parent":0,"count":10,"filter":"raw"},{"term_id":12,"name":"Nordschwarzwald","slug":"nordschwarzwald","term_group":0,"term_taxonomy_id":12,"taxonomy":"post_tag","description":"","parent":0,"count":11,"filter":"raw"},{"term_id":13,"name":"Rheinebene","slug":"rheinebene","term_group":0,"term_taxonomy_id":13,"taxonomy":"post_tag","description":"","parent":0,"count":11,"filter":"raw"},{"term_id":11,"name":"S\u00fcdschwarzwald","slug":"sudschwarzwald","term_group":0,"term_taxonomy_id":11,"taxonomy":"post_tag","description":"","parent":0,"count":14,"filter":"raw"}],"_links":{"self":[{"href":"https:\/\/blafor.com\/regio\/wp-json\/wp\/v2\/posts\/59","targetHints":{"allow":["GET"]}}],"collection":[{"href":"https:\/\/blafor.com\/regio\/wp-json\/wp\/v2\/posts"}],"about":[{"href":"https:\/\/blafor.com\/regio\/wp-json\/wp\/v2\/types\/post"}],"author":[{"embeddable":true,"href":"https:\/\/blafor.com\/regio\/wp-json\/wp\/v2\/users\/1"}],"replies":[{"embeddable":true,"href":"https:\/\/blafor.com\/regio\/wp-json\/wp\/v2\/comments?post=59"}],"version-history":[{"count":0,"href":"https:\/\/blafor.com\/regio\/wp-json\/wp\/v2\/posts\/59\/revisions"}],"wp:featuredmedia":[{"embeddable":true,"href":"https:\/\/blafor.com\/regio\/wp-json\/wp\/v2\/media\/1522"}],"wp:attachment":[{"href":"https:\/\/blafor.com\/regio\/wp-json\/wp\/v2\/media?parent=59"}],"wp:term":[{"taxonomy":"category","embeddable":true,"href":"https:\/\/blafor.com\/regio\/wp-json\/wp\/v2\/categories?post=59"},{"taxonomy":"post_tag","embeddable":true,"href":"https:\/\/blafor.com\/regio\/wp-json\/wp\/v2\/tags?post=59"}],"curies":[{"name":"wp","href":"https:\/\/api.w.org\/{rel}","templated":true}]}}