{"id":2278,"date":"2023-04-28T10:11:55","date_gmt":"2023-04-28T08:11:55","guid":{"rendered":"https:\/\/blafor.com\/regio\/?p=2278"},"modified":"2024-10-28T08:55:15","modified_gmt":"2024-10-28T07:55:15","slug":"vorteile-und-nachteile-der-globalisierung","status":"publish","type":"post","link":"https:\/\/blafor.com\/regio\/vorteile-und-nachteile-der-globalisierung\/","title":{"rendered":"Vorteile und Nachteile der Globalisierung"},"content":{"rendered":"\n<p>Die Globalisierung ist ein Thema, dass uns immer mehr besch\u00e4ftigt. Ob billige Artikel aus dem fernen China oder ganzj\u00e4hrig frisches Obst aus fernen L\u00e4ndern, dank der weltweiten Globalisierung ist das inzwischen allt\u00e4glich und ganz normal. Aber betrachten wir das mal aus unserer Sicht.<\/p>\n\n\n\n<p>Die st\u00e4ndige Verf\u00fcgbarkeit und Vielfalt an Waren, zu g\u00fcnstigen Preisen macht uns das Leben bequemer und angenehmer. Doch es gibt nicht nur Vorteile, es gibt auch Nachteile.<\/p>\n\n\n<style>.wp-block-kadence-advancedheading.kt-adv-heading_1936e9-4a, .wp-block-kadence-advancedheading.kt-adv-heading_1936e9-4a[data-kb-block=\"kb-adv-heading_1936e9-4a\"]{font-style:normal;}.wp-block-kadence-advancedheading.kt-adv-heading_1936e9-4a mark.kt-highlight, .wp-block-kadence-advancedheading.kt-adv-heading_1936e9-4a[data-kb-block=\"kb-adv-heading_1936e9-4a\"] mark.kt-highlight{font-style:normal;color:#f76a0c;-webkit-box-decoration-break:clone;box-decoration-break:clone;padding-top:0px;padding-right:0px;padding-bottom:0px;padding-left:0px;}.wp-block-kadence-advancedheading.kt-adv-heading_1936e9-4a img.kb-inline-image, .wp-block-kadence-advancedheading.kt-adv-heading_1936e9-4a[data-kb-block=\"kb-adv-heading_1936e9-4a\"] img.kb-inline-image{width:150px;vertical-align:baseline;}<\/style>\n<h2 class=\"kt-adv-heading_1936e9-4a wp-block-kadence-advancedheading\" data-kb-block=\"kb-adv-heading_1936e9-4a\">Vorteile der Globalisierung<\/h2>\n\n\n\n<ul class=\"wp-block-list\">\n<li>Produktvielfalt und umfangreiches Warenangebot.<\/li>\n<\/ul>\n\n\n<style>.wp-block-kadence-advancedheading.kt-adv-heading_19c74c-0e, .wp-block-kadence-advancedheading.kt-adv-heading_19c74c-0e[data-kb-block=\"kb-adv-heading_19c74c-0e\"]{font-style:normal;}.wp-block-kadence-advancedheading.kt-adv-heading_19c74c-0e mark.kt-highlight, .wp-block-kadence-advancedheading.kt-adv-heading_19c74c-0e[data-kb-block=\"kb-adv-heading_19c74c-0e\"] mark.kt-highlight{font-style:normal;color:#f76a0c;-webkit-box-decoration-break:clone;box-decoration-break:clone;padding-top:0px;padding-right:0px;padding-bottom:0px;padding-left:0px;}.wp-block-kadence-advancedheading.kt-adv-heading_19c74c-0e img.kb-inline-image, .wp-block-kadence-advancedheading.kt-adv-heading_19c74c-0e[data-kb-block=\"kb-adv-heading_19c74c-0e\"] img.kb-inline-image{width:150px;vertical-align:baseline;}<\/style>\n<h2 class=\"kt-adv-heading_19c74c-0e wp-block-kadence-advancedheading\" data-kb-block=\"kb-adv-heading_19c74c-0e\">Der Preis den wir daf\u00fcr bezahlen?<\/h2>\n\n\n\n<p>Sind z.B. die Tomaten, die wir das ganze Jahr \u00fcber in gro\u00dfer Vielfalt aus dem Supermarkt bekommen, noch die Tomaten, die die \u00e4ltere Generation noch kennt? Tomaten mit Geschmack? Nein. Der Preis den wir f\u00fcr unseren Luxus und Bequemlichkeit bezahlen wird immer h\u00f6her.<\/p>\n\n\n<style>.wp-block-kadence-advancedheading.kt-adv-heading_417ced-57, .wp-block-kadence-advancedheading.kt-adv-heading_417ced-57[data-kb-block=\"kb-adv-heading_417ced-57\"]{font-style:normal;}.wp-block-kadence-advancedheading.kt-adv-heading_417ced-57 mark.kt-highlight, .wp-block-kadence-advancedheading.kt-adv-heading_417ced-57[data-kb-block=\"kb-adv-heading_417ced-57\"] mark.kt-highlight{font-style:normal;color:#f76a0c;-webkit-box-decoration-break:clone;box-decoration-break:clone;padding-top:0px;padding-right:0px;padding-bottom:0px;padding-left:0px;}.wp-block-kadence-advancedheading.kt-adv-heading_417ced-57 img.kb-inline-image, .wp-block-kadence-advancedheading.kt-adv-heading_417ced-57[data-kb-block=\"kb-adv-heading_417ced-57\"] img.kb-inline-image{width:150px;vertical-align:baseline;}<\/style>\n<h2 class=\"kt-adv-heading_417ced-57 wp-block-kadence-advancedheading\" data-kb-block=\"kb-adv-heading_417ced-57\">Nachteile der Globalisierung<\/h2>\n\n\n\n<ul class=\"wp-block-list\">\n<li>Belastung der Umwelt durch lange Transportwege.<\/li>\n\n\n\n<li>Ausbeutung der Menschen in Billiglohnl\u00e4ndern.<\/li>\n\n\n\n<li>Abh\u00e4ngigkeiten und Krisen internationaler Verflechtungen.<\/li>\n<\/ul>\n","protected":false},"excerpt":{"rendered":"<p>Die Globalisierung ist ein Thema, dass uns immer mehr besch\u00e4ftigt. Ob billige&#8230;<\/p>\n","protected":false},"author":1,"featured_media":2279,"comment_status":"open","ping_status":"open","sticky":false,"template":"","format":"standard","meta":{"_kad_blocks_custom_css":"","_kad_blocks_head_custom_js":"","_kad_blocks_body_custom_js":"","_kad_blocks_footer_custom_js":"","_kadence_starter_templates_imported_post":false,"_kad_post_transparent":"","_kad_post_title":"","_kad_post_layout":"","_kad_post_sidebar_id":"","_kad_post_content_style":"","_kad_post_vertical_padding":"","_kad_post_feature":"","_kad_post_feature_position":"","_kad_post_header":false,"_kad_post_footer":false,"_kad_post_classname":"","footnotes":""},"categories":[1],"tags":[20],"class_list":["post-2278","post","type-post","status-publish","format-standard","has-post-thumbnail","hentry","category-sonstige","tag-nachhaltig"],"yoast_head":"<!-- This site is optimized with the Yoast SEO plugin v27.4 - https:\/\/yoast.com\/product\/yoast-seo-wordpress\/ -->\n<title>Vorteile und Nachteile der Globalisierung - BlaFor.com Regio<\/title>\n<meta name=\"robots\" content=\"index, follow, max-snippet:-1, max-image-preview:large, max-video-preview:-1\" \/>\n<link rel=\"canonical\" href=\"https:\/\/blafor.com\/regio\/vorteile-und-nachteile-der-globalisierung\/\" \/>\n<meta property=\"og:locale\" content=\"de_DE\" \/>\n<meta property=\"og:type\" content=\"article\" \/>\n<meta property=\"og:title\" content=\"Vorteile und Nachteile der Globalisierung - BlaFor.com Regio\" \/>\n<meta property=\"og:description\" content=\"Die Globalisierung ist ein Thema, dass uns immer mehr besch\u00e4ftigt. Ob billige...\" \/>\n<meta property=\"og:url\" content=\"https:\/\/blafor.com\/regio\/vorteile-und-nachteile-der-globalisierung\/\" \/>\n<meta property=\"og:site_name\" content=\"BlaFor.com Regio\" \/>\n<meta property=\"article:published_time\" content=\"2023-04-28T08:11:55+00:00\" \/>\n<meta property=\"article:modified_time\" content=\"2024-10-28T07:55:15+00:00\" \/>\n<meta property=\"og:image\" content=\"https:\/\/blafor.com\/regio\/wp-content\/uploads\/sites\/7\/2023\/04\/klima102.jpg\" \/>\n\t<meta property=\"og:image:width\" content=\"1069\" \/>\n\t<meta property=\"og:image:height\" content=\"600\" \/>\n\t<meta property=\"og:image:type\" content=\"image\/jpeg\" \/>\n<meta name=\"author\" content=\"ALIZEL\" \/>\n<meta name=\"twitter:card\" content=\"summary_large_image\" \/>\n<meta name=\"twitter:label1\" content=\"Verfasst von\" \/>\n\t<meta name=\"twitter:data1\" content=\"ALIZEL\" \/>\n\t<meta name=\"twitter:label2\" content=\"Gesch\u00e4tzte Lesezeit\" \/>\n\t<meta name=\"twitter:data2\" content=\"2\u00a0Minuten\" \/>\n<script type=\"application\/ld+json\" class=\"yoast-schema-graph\">{\"@context\":\"https:\\\/\\\/schema.org\",\"@graph\":[{\"@type\":\"Article\",\"@id\":\"https:\\\/\\\/blafor.com\\\/regio\\\/vorteile-und-nachteile-der-globalisierung\\\/#article\",\"isPartOf\":{\"@id\":\"https:\\\/\\\/blafor.com\\\/regio\\\/vorteile-und-nachteile-der-globalisierung\\\/\"},\"author\":{\"name\":\"ALIZEL\",\"@id\":\"https:\\\/\\\/blafor.com\\\/regio\\\/#\\\/schema\\\/person\\\/79eff7a1421b6bad914d5e120f902264\"},\"headline\":\"Vorteile und Nachteile der Globalisierung\",\"datePublished\":\"2023-04-28T08:11:55+00:00\",\"dateModified\":\"2024-10-28T07:55:15+00:00\",\"mainEntityOfPage\":{\"@id\":\"https:\\\/\\\/blafor.com\\\/regio\\\/vorteile-und-nachteile-der-globalisierung\\\/\"},\"wordCount\":164,\"commentCount\":0,\"publisher\":{\"@id\":\"https:\\\/\\\/blafor.com\\\/regio\\\/#organization\"},\"image\":{\"@id\":\"https:\\\/\\\/blafor.com\\\/regio\\\/vorteile-und-nachteile-der-globalisierung\\\/#primaryimage\"},\"thumbnailUrl\":\"https:\\\/\\\/blafor.com\\\/regio\\\/wp-content\\\/uploads\\\/sites\\\/7\\\/2023\\\/04\\\/klima102.jpg\",\"keywords\":[\"Nachhaltig\"],\"articleSection\":[\"Sonstige\"],\"inLanguage\":\"de\",\"potentialAction\":[{\"@type\":\"CommentAction\",\"name\":\"Comment\",\"target\":[\"https:\\\/\\\/blafor.com\\\/regio\\\/vorteile-und-nachteile-der-globalisierung\\\/#respond\"]}]},{\"@type\":\"WebPage\",\"@id\":\"https:\\\/\\\/blafor.com\\\/regio\\\/vorteile-und-nachteile-der-globalisierung\\\/\",\"url\":\"https:\\\/\\\/blafor.com\\\/regio\\\/vorteile-und-nachteile-der-globalisierung\\\/\",\"name\":\"Vorteile und Nachteile der Globalisierung - BlaFor.com Regio\",\"isPartOf\":{\"@id\":\"https:\\\/\\\/blafor.com\\\/regio\\\/#website\"},\"primaryImageOfPage\":{\"@id\":\"https:\\\/\\\/blafor.com\\\/regio\\\/vorteile-und-nachteile-der-globalisierung\\\/#primaryimage\"},\"image\":{\"@id\":\"https:\\\/\\\/blafor.com\\\/regio\\\/vorteile-und-nachteile-der-globalisierung\\\/#primaryimage\"},\"thumbnailUrl\":\"https:\\\/\\\/blafor.com\\\/regio\\\/wp-content\\\/uploads\\\/sites\\\/7\\\/2023\\\/04\\\/klima102.jpg\",\"datePublished\":\"2023-04-28T08:11:55+00:00\",\"dateModified\":\"2024-10-28T07:55:15+00:00\",\"breadcrumb\":{\"@id\":\"https:\\\/\\\/blafor.com\\\/regio\\\/vorteile-und-nachteile-der-globalisierung\\\/#breadcrumb\"},\"inLanguage\":\"de\",\"potentialAction\":[{\"@type\":\"ReadAction\",\"target\":[\"https:\\\/\\\/blafor.com\\\/regio\\\/vorteile-und-nachteile-der-globalisierung\\\/\"]}]},{\"@type\":\"ImageObject\",\"inLanguage\":\"de\",\"@id\":\"https:\\\/\\\/blafor.com\\\/regio\\\/vorteile-und-nachteile-der-globalisierung\\\/#primaryimage\",\"url\":\"https:\\\/\\\/blafor.com\\\/regio\\\/wp-content\\\/uploads\\\/sites\\\/7\\\/2023\\\/04\\\/klima102.jpg\",\"contentUrl\":\"https:\\\/\\\/blafor.com\\\/regio\\\/wp-content\\\/uploads\\\/sites\\\/7\\\/2023\\\/04\\\/klima102.jpg\",\"width\":1069,\"height\":600},{\"@type\":\"BreadcrumbList\",\"@id\":\"https:\\\/\\\/blafor.com\\\/regio\\\/vorteile-und-nachteile-der-globalisierung\\\/#breadcrumb\",\"itemListElement\":[{\"@type\":\"ListItem\",\"position\":1,\"name\":\"Startseite\",\"item\":\"https:\\\/\\\/blafor.com\\\/regio\\\/\"},{\"@type\":\"ListItem\",\"position\":2,\"name\":\"Vorteile und Nachteile der Globalisierung\"}]},{\"@type\":\"WebSite\",\"@id\":\"https:\\\/\\\/blafor.com\\\/regio\\\/#website\",\"url\":\"https:\\\/\\\/blafor.com\\\/regio\\\/\",\"name\":\"BlaFor.com Regio\",\"description\":\"Regionale Anbieter aus dem Schwarzwald\",\"publisher\":{\"@id\":\"https:\\\/\\\/blafor.com\\\/regio\\\/#organization\"},\"potentialAction\":[{\"@type\":\"SearchAction\",\"target\":{\"@type\":\"EntryPoint\",\"urlTemplate\":\"https:\\\/\\\/blafor.com\\\/regio\\\/?s={search_term_string}\"},\"query-input\":{\"@type\":\"PropertyValueSpecification\",\"valueRequired\":true,\"valueName\":\"search_term_string\"}}],\"inLanguage\":\"de\"},{\"@type\":\"Organization\",\"@id\":\"https:\\\/\\\/blafor.com\\\/regio\\\/#organization\",\"name\":\"BlaFor.com Regio\",\"url\":\"https:\\\/\\\/blafor.com\\\/regio\\\/\",\"logo\":{\"@type\":\"ImageObject\",\"inLanguage\":\"de\",\"@id\":\"https:\\\/\\\/blafor.com\\\/regio\\\/#\\\/schema\\\/logo\\\/image\\\/\",\"url\":\"https:\\\/\\\/blafor.com\\\/regio\\\/wp-content\\\/uploads\\\/sites\\\/7\\\/2022\\\/11\\\/cropped-bfc-shop64.png\",\"contentUrl\":\"https:\\\/\\\/blafor.com\\\/regio\\\/wp-content\\\/uploads\\\/sites\\\/7\\\/2022\\\/11\\\/cropped-bfc-shop64.png\",\"width\":400,\"height\":160,\"caption\":\"BlaFor.com Regio\"},\"image\":{\"@id\":\"https:\\\/\\\/blafor.com\\\/regio\\\/#\\\/schema\\\/logo\\\/image\\\/\"}},{\"@type\":\"Person\",\"@id\":\"https:\\\/\\\/blafor.com\\\/regio\\\/#\\\/schema\\\/person\\\/79eff7a1421b6bad914d5e120f902264\",\"name\":\"ALIZEL\",\"sameAs\":[\"https:\\\/\\\/blafor.com\"],\"url\":\"https:\\\/\\\/blafor.com\\\/regio\\\/author\\\/zeljko\\\/\"}]}<\/script>\n<!-- \/ Yoast SEO plugin. -->","yoast_head_json":{"title":"Vorteile und Nachteile der Globalisierung - BlaFor.com Regio","robots":{"index":"index","follow":"follow","max-snippet":"max-snippet:-1","max-image-preview":"max-image-preview:large","max-video-preview":"max-video-preview:-1"},"canonical":"https:\/\/blafor.com\/regio\/vorteile-und-nachteile-der-globalisierung\/","og_locale":"de_DE","og_type":"article","og_title":"Vorteile und Nachteile der Globalisierung - BlaFor.com Regio","og_description":"Die Globalisierung ist ein Thema, dass uns immer mehr besch\u00e4ftigt. Ob billige...","og_url":"https:\/\/blafor.com\/regio\/vorteile-und-nachteile-der-globalisierung\/","og_site_name":"BlaFor.com Regio","article_published_time":"2023-04-28T08:11:55+00:00","article_modified_time":"2024-10-28T07:55:15+00:00","og_image":[{"width":1069,"height":600,"url":"https:\/\/blafor.com\/regio\/wp-content\/uploads\/sites\/7\/2023\/04\/klima102.jpg","type":"image\/jpeg"}],"author":"ALIZEL","twitter_card":"summary_large_image","twitter_misc":{"Verfasst von":"ALIZEL","Gesch\u00e4tzte Lesezeit":"2\u00a0Minuten"},"schema":{"@context":"https:\/\/schema.org","@graph":[{"@type":"Article","@id":"https:\/\/blafor.com\/regio\/vorteile-und-nachteile-der-globalisierung\/#article","isPartOf":{"@id":"https:\/\/blafor.com\/regio\/vorteile-und-nachteile-der-globalisierung\/"},"author":{"name":"ALIZEL","@id":"https:\/\/blafor.com\/regio\/#\/schema\/person\/79eff7a1421b6bad914d5e120f902264"},"headline":"Vorteile und Nachteile der Globalisierung","datePublished":"2023-04-28T08:11:55+00:00","dateModified":"2024-10-28T07:55:15+00:00","mainEntityOfPage":{"@id":"https:\/\/blafor.com\/regio\/vorteile-und-nachteile-der-globalisierung\/"},"wordCount":164,"commentCount":0,"publisher":{"@id":"https:\/\/blafor.com\/regio\/#organization"},"image":{"@id":"https:\/\/blafor.com\/regio\/vorteile-und-nachteile-der-globalisierung\/#primaryimage"},"thumbnailUrl":"https:\/\/blafor.com\/regio\/wp-content\/uploads\/sites\/7\/2023\/04\/klima102.jpg","keywords":["Nachhaltig"],"articleSection":["Sonstige"],"inLanguage":"de","potentialAction":[{"@type":"CommentAction","name":"Comment","target":["https:\/\/blafor.com\/regio\/vorteile-und-nachteile-der-globalisierung\/#respond"]}]},{"@type":"WebPage","@id":"https:\/\/blafor.com\/regio\/vorteile-und-nachteile-der-globalisierung\/","url":"https:\/\/blafor.com\/regio\/vorteile-und-nachteile-der-globalisierung\/","name":"Vorteile und Nachteile der Globalisierung - BlaFor.com Regio","isPartOf":{"@id":"https:\/\/blafor.com\/regio\/#website"},"primaryImageOfPage":{"@id":"https:\/\/blafor.com\/regio\/vorteile-und-nachteile-der-globalisierung\/#primaryimage"},"image":{"@id":"https:\/\/blafor.com\/regio\/vorteile-und-nachteile-der-globalisierung\/#primaryimage"},"thumbnailUrl":"https:\/\/blafor.com\/regio\/wp-content\/uploads\/sites\/7\/2023\/04\/klima102.jpg","datePublished":"2023-04-28T08:11:55+00:00","dateModified":"2024-10-28T07:55:15+00:00","breadcrumb":{"@id":"https:\/\/blafor.com\/regio\/vorteile-und-nachteile-der-globalisierung\/#breadcrumb"},"inLanguage":"de","potentialAction":[{"@type":"ReadAction","target":["https:\/\/blafor.com\/regio\/vorteile-und-nachteile-der-globalisierung\/"]}]},{"@type":"ImageObject","inLanguage":"de","@id":"https:\/\/blafor.com\/regio\/vorteile-und-nachteile-der-globalisierung\/#primaryimage","url":"https:\/\/blafor.com\/regio\/wp-content\/uploads\/sites\/7\/2023\/04\/klima102.jpg","contentUrl":"https:\/\/blafor.com\/regio\/wp-content\/uploads\/sites\/7\/2023\/04\/klima102.jpg","width":1069,"height":600},{"@type":"BreadcrumbList","@id":"https:\/\/blafor.com\/regio\/vorteile-und-nachteile-der-globalisierung\/#breadcrumb","itemListElement":[{"@type":"ListItem","position":1,"name":"Startseite","item":"https:\/\/blafor.com\/regio\/"},{"@type":"ListItem","position":2,"name":"Vorteile und Nachteile der Globalisierung"}]},{"@type":"WebSite","@id":"https:\/\/blafor.com\/regio\/#website","url":"https:\/\/blafor.com\/regio\/","name":"BlaFor.com Regio","description":"Regionale Anbieter aus dem Schwarzwald","publisher":{"@id":"https:\/\/blafor.com\/regio\/#organization"},"potentialAction":[{"@type":"SearchAction","target":{"@type":"EntryPoint","urlTemplate":"https:\/\/blafor.com\/regio\/?s={search_term_string}"},"query-input":{"@type":"PropertyValueSpecification","valueRequired":true,"valueName":"search_term_string"}}],"inLanguage":"de"},{"@type":"Organization","@id":"https:\/\/blafor.com\/regio\/#organization","name":"BlaFor.com Regio","url":"https:\/\/blafor.com\/regio\/","logo":{"@type":"ImageObject","inLanguage":"de","@id":"https:\/\/blafor.com\/regio\/#\/schema\/logo\/image\/","url":"https:\/\/blafor.com\/regio\/wp-content\/uploads\/sites\/7\/2022\/11\/cropped-bfc-shop64.png","contentUrl":"https:\/\/blafor.com\/regio\/wp-content\/uploads\/sites\/7\/2022\/11\/cropped-bfc-shop64.png","width":400,"height":160,"caption":"BlaFor.com Regio"},"image":{"@id":"https:\/\/blafor.com\/regio\/#\/schema\/logo\/image\/"}},{"@type":"Person","@id":"https:\/\/blafor.com\/regio\/#\/schema\/person\/79eff7a1421b6bad914d5e120f902264","name":"ALIZEL","sameAs":["https:\/\/blafor.com"],"url":"https:\/\/blafor.com\/regio\/author\/zeljko\/"}]}},"taxonomy_info":{"category":[{"value":1,"label":"Sonstige"}],"post_tag":[{"value":20,"label":"Nachhaltig"}]},"featured_image_src_large":["https:\/\/blafor.com\/regio\/wp-content\/uploads\/sites\/7\/2023\/04\/klima102-1024x575.jpg",1024,575,true],"author_info":{"display_name":"ALIZEL","author_link":"https:\/\/blafor.com\/regio\/author\/zeljko\/"},"comment_info":0,"category_info":[{"term_id":1,"name":"Sonstige","slug":"sonstige","term_group":0,"term_taxonomy_id":1,"taxonomy":"category","description":"","parent":0,"count":1,"filter":"raw","cat_ID":1,"category_count":1,"category_description":"","cat_name":"Sonstige","category_nicename":"sonstige","category_parent":0}],"tag_info":[{"term_id":20,"name":"Nachhaltig","slug":"nachhaltig","term_group":0,"term_taxonomy_id":20,"taxonomy":"post_tag","description":"","parent":0,"count":6,"filter":"raw"}],"_links":{"self":[{"href":"https:\/\/blafor.com\/regio\/wp-json\/wp\/v2\/posts\/2278","targetHints":{"allow":["GET"]}}],"collection":[{"href":"https:\/\/blafor.com\/regio\/wp-json\/wp\/v2\/posts"}],"about":[{"href":"https:\/\/blafor.com\/regio\/wp-json\/wp\/v2\/types\/post"}],"author":[{"embeddable":true,"href":"https:\/\/blafor.com\/regio\/wp-json\/wp\/v2\/users\/1"}],"replies":[{"embeddable":true,"href":"https:\/\/blafor.com\/regio\/wp-json\/wp\/v2\/comments?post=2278"}],"version-history":[{"count":1,"href":"https:\/\/blafor.com\/regio\/wp-json\/wp\/v2\/posts\/2278\/revisions"}],"predecessor-version":[{"id":3488,"href":"https:\/\/blafor.com\/regio\/wp-json\/wp\/v2\/posts\/2278\/revisions\/3488"}],"wp:featuredmedia":[{"embeddable":true,"href":"https:\/\/blafor.com\/regio\/wp-json\/wp\/v2\/media\/2279"}],"wp:attachment":[{"href":"https:\/\/blafor.com\/regio\/wp-json\/wp\/v2\/media?parent=2278"}],"wp:term":[{"taxonomy":"category","embeddable":true,"href":"https:\/\/blafor.com\/regio\/wp-json\/wp\/v2\/categories?post=2278"},{"taxonomy":"post_tag","embeddable":true,"href":"https:\/\/blafor.com\/regio\/wp-json\/wp\/v2\/tags?post=2278"}],"curies":[{"name":"wp","href":"https:\/\/api.w.org\/{rel}","templated":true}]}}