{"id":1989,"date":"2022-02-16T08:52:00","date_gmt":"2022-02-16T07:52:00","guid":{"rendered":"https:\/\/blafor.com\/guide\/?p=1989"},"modified":"2025-02-22T12:27:22","modified_gmt":"2025-02-22T11:27:22","slug":"die-donau-aus-dem-schwarzwald","status":"publish","type":"post","link":"https:\/\/blafor.com\/guide\/die-donau-aus-dem-schwarzwald\/","title":{"rendered":"Die Donau aus dem Schwarzwald"},"content":{"rendered":"\n<p>Der gr\u00f6\u00dfte Fluss in Deutschland, die Donau, hat ihren Ursprung im Schwarzwald-Bar Kreis. Sie ist der zweit l\u00e4ngste und zweit gr\u00f6\u00dfter Fluss Europas.<\/p>\n\n\n<style>.wp-block-kadence-advancedheading.kt-adv-heading_cdbe58-6e, .wp-block-kadence-advancedheading.kt-adv-heading_cdbe58-6e[data-kb-block=\"kb-adv-heading_cdbe58-6e\"]{font-style:normal;}.wp-block-kadence-advancedheading.kt-adv-heading_cdbe58-6e mark.kt-highlight, .wp-block-kadence-advancedheading.kt-adv-heading_cdbe58-6e[data-kb-block=\"kb-adv-heading_cdbe58-6e\"] mark.kt-highlight{font-style:normal;color:#f76a0c;-webkit-box-decoration-break:clone;box-decoration-break:clone;padding-top:0px;padding-right:0px;padding-bottom:0px;padding-left:0px;}.wp-block-kadence-advancedheading.kt-adv-heading_cdbe58-6e img.kb-inline-image, .wp-block-kadence-advancedheading.kt-adv-heading_cdbe58-6e[data-kb-block=\"kb-adv-heading_cdbe58-6e\"] img.kb-inline-image{width:150px;vertical-align:baseline;}<\/style>\n<h2 class=\"kt-adv-heading_cdbe58-6e wp-block-kadence-advancedheading\" data-kb-block=\"kb-adv-heading_cdbe58-6e\">Die Donauquelle<\/h2>\n\n\n\n<p>Bei der Martinskapelle, ca. 5 km n\u00f6rdlich von Furtwangen im Schwarzwald, auf einer H\u00f6he von 1078 m \u00fc.d.M., entspringt der Hauptquellfluss der Donau, die Breg. Da die Breg der l\u00e4ngere Quellfluss der Donau ist, beginnt hier auch die Messung der 2888 km Donau-L\u00e4nge bis zur M\u00fcndung im Schwarzem Meer.<\/p>\n\n\n\n<p>Namentlich gesehen wird die Donau erst mit dem Zusammenfluss von Breg und Brigach im \u00f6stlichen Teil von Donaueschingen gef\u00fchrt. \u00dcbrigens, auch von der B27 bei Donaueschingen aus kann man den Zusammenfluss sehen.<\/p>\n\n\n\n<p>Auf ihrer \u00fcber 2880 km lange Reise bis zur Donaum\u00fcndung im Schwarzen Meer, fliest sie in Deutschland, auf einer L\u00e4nge von 674 Kilometer, durch Baden-W\u00fcrttemberg und Bayern, bis sie bei Passau die Grenze nach \u00d6sterreich erreicht.<\/p>\n","protected":false},"excerpt":{"rendered":"<p>Der gr\u00f6\u00dfte Fluss in Deutschland, die Donau, hat ihren Ursprung im Schwarzwald-Bar Kreis. Sie ist&#8230;<\/p>\n","protected":false},"author":1,"featured_media":1990,"comment_status":"closed","ping_status":"closed","sticky":false,"template":"","format":"standard","meta":{"_acf_changed":false,"_kad_blocks_custom_css":"","_kad_blocks_head_custom_js":"","_kad_blocks_body_custom_js":"","_kad_blocks_footer_custom_js":"","_kadence_starter_templates_imported_post":false,"_kad_post_transparent":"","_kad_post_title":"","_kad_post_layout":"","_kad_post_sidebar_id":"","_kad_post_content_style":"","_kad_post_vertical_padding":"","_kad_post_feature":"","_kad_post_feature_position":"","_kad_post_header":false,"_kad_post_footer":false,"_kad_post_classname":"","footnotes":""},"categories":[57,3,118],"tags":[122,121],"class_list":["post-1989","post","type-post","status-publish","format-standard","has-post-thumbnail","hentry","category-fluesse-seen","category-mittlerer-schwarzwald","category-schwarzwald-baar-kreis","tag-donaueschingen","tag-furtwangen"],"yoast_head":"<!-- This site is optimized with the Yoast SEO plugin v27.5 - https:\/\/yoast.com\/product\/yoast-seo-wordpress\/ -->\n<title>Die Donau aus dem Schwarzwald &#187; BlaFor.com Guide<\/title>\n<meta name=\"description\" content=\"die Donau, hat ihren Ursprung im Schwarzwald-Bar Kreis\" \/>\n<meta name=\"robots\" content=\"index, follow, max-snippet:-1, max-image-preview:large, max-video-preview:-1\" \/>\n<link rel=\"canonical\" href=\"https:\/\/blafor.com\/guide\/die-donau-aus-dem-schwarzwald\/\" \/>\n<meta property=\"og:locale\" content=\"de_DE\" \/>\n<meta property=\"og:type\" content=\"article\" \/>\n<meta property=\"og:title\" content=\"Die Donau aus dem Schwarzwald &#187; BlaFor.com Guide\" \/>\n<meta property=\"og:description\" content=\"die Donau, hat ihren Ursprung im Schwarzwald-Bar Kreis\" \/>\n<meta property=\"og:url\" content=\"https:\/\/blafor.com\/guide\/die-donau-aus-dem-schwarzwald\/\" \/>\n<meta property=\"og:site_name\" content=\"BlaFor.com Guide\" \/>\n<meta property=\"article:published_time\" content=\"2022-02-16T07:52:00+00:00\" \/>\n<meta property=\"article:modified_time\" content=\"2025-02-22T11:27:22+00:00\" \/>\n<meta property=\"og:image\" content=\"https:\/\/blafor.com\/guide\/wp-content\/uploads\/sites\/4\/2022\/05\/donauquelle107.jpg\" \/>\n\t<meta property=\"og:image:width\" content=\"1069\" \/>\n\t<meta property=\"og:image:height\" content=\"600\" \/>\n\t<meta property=\"og:image:type\" content=\"image\/jpeg\" \/>\n<meta name=\"author\" content=\"ALIZEL\" \/>\n<meta name=\"twitter:card\" content=\"summary_large_image\" \/>\n<meta name=\"twitter:label1\" content=\"Verfasst von\" \/>\n\t<meta name=\"twitter:data1\" content=\"ALIZEL\" \/>\n\t<meta name=\"twitter:label2\" content=\"Gesch\u00e4tzte Lesezeit\" \/>\n\t<meta name=\"twitter:data2\" content=\"1\u00a0Minute\" \/>\n<script type=\"application\/ld+json\" class=\"yoast-schema-graph\">{\"@context\":\"https:\\\/\\\/schema.org\",\"@graph\":[{\"@type\":\"Article\",\"@id\":\"https:\\\/\\\/blafor.com\\\/guide\\\/die-donau-aus-dem-schwarzwald\\\/#article\",\"isPartOf\":{\"@id\":\"https:\\\/\\\/blafor.com\\\/guide\\\/die-donau-aus-dem-schwarzwald\\\/\"},\"author\":{\"name\":\"ALIZEL\",\"@id\":\"https:\\\/\\\/blafor.com\\\/guide\\\/#\\\/schema\\\/person\\\/79eff7a1421b6bad914d5e120f902264\"},\"headline\":\"Die Donau aus dem Schwarzwald\",\"datePublished\":\"2022-02-16T07:52:00+00:00\",\"dateModified\":\"2025-02-22T11:27:22+00:00\",\"mainEntityOfPage\":{\"@id\":\"https:\\\/\\\/blafor.com\\\/guide\\\/die-donau-aus-dem-schwarzwald\\\/\"},\"wordCount\":155,\"publisher\":{\"@id\":\"https:\\\/\\\/blafor.com\\\/guide\\\/#organization\"},\"image\":{\"@id\":\"https:\\\/\\\/blafor.com\\\/guide\\\/die-donau-aus-dem-schwarzwald\\\/#primaryimage\"},\"thumbnailUrl\":\"https:\\\/\\\/blafor.com\\\/guide\\\/wp-content\\\/uploads\\\/sites\\\/4\\\/2022\\\/05\\\/donauquelle107.jpg\",\"keywords\":[\"Donaueschingen\",\"Furtwangen\"],\"articleSection\":[\"Fl\u00fcsse &amp; Seen\",\"Mittlerer Schwarzwald\",\"Schwarzwald-Baar-Kreis\"],\"inLanguage\":\"de\"},{\"@type\":\"WebPage\",\"@id\":\"https:\\\/\\\/blafor.com\\\/guide\\\/die-donau-aus-dem-schwarzwald\\\/\",\"url\":\"https:\\\/\\\/blafor.com\\\/guide\\\/die-donau-aus-dem-schwarzwald\\\/\",\"name\":\"Die Donau aus dem Schwarzwald &#187; BlaFor.com Guide\",\"isPartOf\":{\"@id\":\"https:\\\/\\\/blafor.com\\\/guide\\\/#website\"},\"primaryImageOfPage\":{\"@id\":\"https:\\\/\\\/blafor.com\\\/guide\\\/die-donau-aus-dem-schwarzwald\\\/#primaryimage\"},\"image\":{\"@id\":\"https:\\\/\\\/blafor.com\\\/guide\\\/die-donau-aus-dem-schwarzwald\\\/#primaryimage\"},\"thumbnailUrl\":\"https:\\\/\\\/blafor.com\\\/guide\\\/wp-content\\\/uploads\\\/sites\\\/4\\\/2022\\\/05\\\/donauquelle107.jpg\",\"datePublished\":\"2022-02-16T07:52:00+00:00\",\"dateModified\":\"2025-02-22T11:27:22+00:00\",\"description\":\"die Donau, hat ihren Ursprung im Schwarzwald-Bar Kreis\",\"breadcrumb\":{\"@id\":\"https:\\\/\\\/blafor.com\\\/guide\\\/die-donau-aus-dem-schwarzwald\\\/#breadcrumb\"},\"inLanguage\":\"de\",\"potentialAction\":[{\"@type\":\"ReadAction\",\"target\":[\"https:\\\/\\\/blafor.com\\\/guide\\\/die-donau-aus-dem-schwarzwald\\\/\"]}]},{\"@type\":\"ImageObject\",\"inLanguage\":\"de\",\"@id\":\"https:\\\/\\\/blafor.com\\\/guide\\\/die-donau-aus-dem-schwarzwald\\\/#primaryimage\",\"url\":\"https:\\\/\\\/blafor.com\\\/guide\\\/wp-content\\\/uploads\\\/sites\\\/4\\\/2022\\\/05\\\/donauquelle107.jpg\",\"contentUrl\":\"https:\\\/\\\/blafor.com\\\/guide\\\/wp-content\\\/uploads\\\/sites\\\/4\\\/2022\\\/05\\\/donauquelle107.jpg\",\"width\":1069,\"height\":600,\"caption\":\"Donau\"},{\"@type\":\"BreadcrumbList\",\"@id\":\"https:\\\/\\\/blafor.com\\\/guide\\\/die-donau-aus-dem-schwarzwald\\\/#breadcrumb\",\"itemListElement\":[{\"@type\":\"ListItem\",\"position\":1,\"name\":\"Startseite\",\"item\":\"https:\\\/\\\/blafor.com\\\/guide\\\/\"},{\"@type\":\"ListItem\",\"position\":2,\"name\":\"Die Donau aus dem Schwarzwald\"}]},{\"@type\":\"WebSite\",\"@id\":\"https:\\\/\\\/blafor.com\\\/guide\\\/#website\",\"url\":\"https:\\\/\\\/blafor.com\\\/guide\\\/\",\"name\":\"BlaFor.com Guide\",\"description\":\"Reisef\u00fchrer durch den Schwarzwald\",\"publisher\":{\"@id\":\"https:\\\/\\\/blafor.com\\\/guide\\\/#organization\"},\"potentialAction\":[{\"@type\":\"SearchAction\",\"target\":{\"@type\":\"EntryPoint\",\"urlTemplate\":\"https:\\\/\\\/blafor.com\\\/guide\\\/?s={search_term_string}\"},\"query-input\":{\"@type\":\"PropertyValueSpecification\",\"valueRequired\":true,\"valueName\":\"search_term_string\"}}],\"inLanguage\":\"de\"},{\"@type\":\"Organization\",\"@id\":\"https:\\\/\\\/blafor.com\\\/guide\\\/#organization\",\"name\":\"BlaFor.com Guide\",\"url\":\"https:\\\/\\\/blafor.com\\\/guide\\\/\",\"logo\":{\"@type\":\"ImageObject\",\"inLanguage\":\"de\",\"@id\":\"https:\\\/\\\/blafor.com\\\/guide\\\/#\\\/schema\\\/logo\\\/image\\\/\",\"url\":\"https:\\\/\\\/blafor.com\\\/guide\\\/wp-content\\\/uploads\\\/sites\\\/4\\\/2022\\\/08\\\/bfc-shop64.png\",\"contentUrl\":\"https:\\\/\\\/blafor.com\\\/guide\\\/wp-content\\\/uploads\\\/sites\\\/4\\\/2022\\\/08\\\/bfc-shop64.png\",\"width\":400,\"height\":160,\"caption\":\"BlaFor.com Guide\"},\"image\":{\"@id\":\"https:\\\/\\\/blafor.com\\\/guide\\\/#\\\/schema\\\/logo\\\/image\\\/\"}},{\"@type\":\"Person\",\"@id\":\"https:\\\/\\\/blafor.com\\\/guide\\\/#\\\/schema\\\/person\\\/79eff7a1421b6bad914d5e120f902264\",\"name\":\"ALIZEL\",\"sameAs\":[\"https:\\\/\\\/blafor.com\"],\"url\":\"https:\\\/\\\/blafor.com\\\/guide\\\/author\\\/zeljko\\\/\"}]}<\/script>\n<!-- \/ Yoast SEO plugin. -->","yoast_head_json":{"title":"Die Donau aus dem Schwarzwald &#187; BlaFor.com Guide","description":"die Donau, hat ihren Ursprung im Schwarzwald-Bar Kreis","robots":{"index":"index","follow":"follow","max-snippet":"max-snippet:-1","max-image-preview":"max-image-preview:large","max-video-preview":"max-video-preview:-1"},"canonical":"https:\/\/blafor.com\/guide\/die-donau-aus-dem-schwarzwald\/","og_locale":"de_DE","og_type":"article","og_title":"Die Donau aus dem Schwarzwald &#187; BlaFor.com Guide","og_description":"die Donau, hat ihren Ursprung im Schwarzwald-Bar Kreis","og_url":"https:\/\/blafor.com\/guide\/die-donau-aus-dem-schwarzwald\/","og_site_name":"BlaFor.com Guide","article_published_time":"2022-02-16T07:52:00+00:00","article_modified_time":"2025-02-22T11:27:22+00:00","og_image":[{"width":1069,"height":600,"url":"https:\/\/blafor.com\/guide\/wp-content\/uploads\/sites\/4\/2022\/05\/donauquelle107.jpg","type":"image\/jpeg"}],"author":"ALIZEL","twitter_card":"summary_large_image","twitter_misc":{"Verfasst von":"ALIZEL","Gesch\u00e4tzte Lesezeit":"1\u00a0Minute"},"schema":{"@context":"https:\/\/schema.org","@graph":[{"@type":"Article","@id":"https:\/\/blafor.com\/guide\/die-donau-aus-dem-schwarzwald\/#article","isPartOf":{"@id":"https:\/\/blafor.com\/guide\/die-donau-aus-dem-schwarzwald\/"},"author":{"name":"ALIZEL","@id":"https:\/\/blafor.com\/guide\/#\/schema\/person\/79eff7a1421b6bad914d5e120f902264"},"headline":"Die Donau aus dem Schwarzwald","datePublished":"2022-02-16T07:52:00+00:00","dateModified":"2025-02-22T11:27:22+00:00","mainEntityOfPage":{"@id":"https:\/\/blafor.com\/guide\/die-donau-aus-dem-schwarzwald\/"},"wordCount":155,"publisher":{"@id":"https:\/\/blafor.com\/guide\/#organization"},"image":{"@id":"https:\/\/blafor.com\/guide\/die-donau-aus-dem-schwarzwald\/#primaryimage"},"thumbnailUrl":"https:\/\/blafor.com\/guide\/wp-content\/uploads\/sites\/4\/2022\/05\/donauquelle107.jpg","keywords":["Donaueschingen","Furtwangen"],"articleSection":["Fl\u00fcsse &amp; Seen","Mittlerer Schwarzwald","Schwarzwald-Baar-Kreis"],"inLanguage":"de"},{"@type":"WebPage","@id":"https:\/\/blafor.com\/guide\/die-donau-aus-dem-schwarzwald\/","url":"https:\/\/blafor.com\/guide\/die-donau-aus-dem-schwarzwald\/","name":"Die Donau aus dem Schwarzwald &#187; BlaFor.com Guide","isPartOf":{"@id":"https:\/\/blafor.com\/guide\/#website"},"primaryImageOfPage":{"@id":"https:\/\/blafor.com\/guide\/die-donau-aus-dem-schwarzwald\/#primaryimage"},"image":{"@id":"https:\/\/blafor.com\/guide\/die-donau-aus-dem-schwarzwald\/#primaryimage"},"thumbnailUrl":"https:\/\/blafor.com\/guide\/wp-content\/uploads\/sites\/4\/2022\/05\/donauquelle107.jpg","datePublished":"2022-02-16T07:52:00+00:00","dateModified":"2025-02-22T11:27:22+00:00","description":"die Donau, hat ihren Ursprung im Schwarzwald-Bar Kreis","breadcrumb":{"@id":"https:\/\/blafor.com\/guide\/die-donau-aus-dem-schwarzwald\/#breadcrumb"},"inLanguage":"de","potentialAction":[{"@type":"ReadAction","target":["https:\/\/blafor.com\/guide\/die-donau-aus-dem-schwarzwald\/"]}]},{"@type":"ImageObject","inLanguage":"de","@id":"https:\/\/blafor.com\/guide\/die-donau-aus-dem-schwarzwald\/#primaryimage","url":"https:\/\/blafor.com\/guide\/wp-content\/uploads\/sites\/4\/2022\/05\/donauquelle107.jpg","contentUrl":"https:\/\/blafor.com\/guide\/wp-content\/uploads\/sites\/4\/2022\/05\/donauquelle107.jpg","width":1069,"height":600,"caption":"Donau"},{"@type":"BreadcrumbList","@id":"https:\/\/blafor.com\/guide\/die-donau-aus-dem-schwarzwald\/#breadcrumb","itemListElement":[{"@type":"ListItem","position":1,"name":"Startseite","item":"https:\/\/blafor.com\/guide\/"},{"@type":"ListItem","position":2,"name":"Die Donau aus dem Schwarzwald"}]},{"@type":"WebSite","@id":"https:\/\/blafor.com\/guide\/#website","url":"https:\/\/blafor.com\/guide\/","name":"BlaFor.com Guide","description":"Reisef\u00fchrer durch den Schwarzwald","publisher":{"@id":"https:\/\/blafor.com\/guide\/#organization"},"potentialAction":[{"@type":"SearchAction","target":{"@type":"EntryPoint","urlTemplate":"https:\/\/blafor.com\/guide\/?s={search_term_string}"},"query-input":{"@type":"PropertyValueSpecification","valueRequired":true,"valueName":"search_term_string"}}],"inLanguage":"de"},{"@type":"Organization","@id":"https:\/\/blafor.com\/guide\/#organization","name":"BlaFor.com Guide","url":"https:\/\/blafor.com\/guide\/","logo":{"@type":"ImageObject","inLanguage":"de","@id":"https:\/\/blafor.com\/guide\/#\/schema\/logo\/image\/","url":"https:\/\/blafor.com\/guide\/wp-content\/uploads\/sites\/4\/2022\/08\/bfc-shop64.png","contentUrl":"https:\/\/blafor.com\/guide\/wp-content\/uploads\/sites\/4\/2022\/08\/bfc-shop64.png","width":400,"height":160,"caption":"BlaFor.com Guide"},"image":{"@id":"https:\/\/blafor.com\/guide\/#\/schema\/logo\/image\/"}},{"@type":"Person","@id":"https:\/\/blafor.com\/guide\/#\/schema\/person\/79eff7a1421b6bad914d5e120f902264","name":"ALIZEL","sameAs":["https:\/\/blafor.com"],"url":"https:\/\/blafor.com\/guide\/author\/zeljko\/"}]}},"acf":[],"taxonomy_info":{"category":[{"value":57,"label":"Fl\u00fcsse &amp; Seen"},{"value":3,"label":"Mittlerer Schwarzwald"},{"value":118,"label":"Schwarzwald-Baar-Kreis"}],"post_tag":[{"value":122,"label":"Donaueschingen"},{"value":121,"label":"Furtwangen"}]},"featured_image_src_large":["https:\/\/blafor.com\/guide\/wp-content\/uploads\/sites\/4\/2022\/05\/donauquelle107-1024x575.jpg",1024,575,true],"author_info":{"display_name":"ALIZEL","author_link":"https:\/\/blafor.com\/guide\/author\/zeljko\/"},"comment_info":1,"category_info":[{"term_id":57,"name":"Fl\u00fcsse &amp; Seen","slug":"fluesse-seen","term_group":0,"term_taxonomy_id":57,"taxonomy":"category","description":"Fl\u00fcsse &amp; Seen im Schwarzwald","parent":8,"count":10,"filter":"raw","cat_ID":57,"category_count":10,"category_description":"Fl\u00fcsse &amp; Seen im Schwarzwald","cat_name":"Fl\u00fcsse &amp; Seen","category_nicename":"fluesse-seen","category_parent":8},{"term_id":3,"name":"Mittlerer Schwarzwald","slug":"mittlerer-schwarzwald","term_group":0,"term_taxonomy_id":3,"taxonomy":"category","description":"Der Mittlere Schwarzwald zeichnet sich durch eine abwechslungsreiche Landschaft mit bewaldeten Bergen, tief eingeschnittenen T\u00e4lern und idyllischen D\u00f6rfern aus. Die Region Mittlerer Schwarzwald erstreckt sich \u00fcber Offenburg im Westen, Freudenstadt im Norden, Triberg im S\u00fcden und Schramberg im Osten.","parent":0,"count":13,"filter":"raw","cat_ID":3,"category_count":13,"category_description":"Der Mittlere Schwarzwald zeichnet sich durch eine abwechslungsreiche Landschaft mit bewaldeten Bergen, tief eingeschnittenen T\u00e4lern und idyllischen D\u00f6rfern aus. Die Region Mittlerer Schwarzwald erstreckt sich \u00fcber Offenburg im Westen, Freudenstadt im Norden, Triberg im S\u00fcden und Schramberg im Osten.","cat_name":"Mittlerer Schwarzwald","category_nicename":"mittlerer-schwarzwald","category_parent":0},{"term_id":118,"name":"Schwarzwald-Baar-Kreis","slug":"schwarzwald-baar-kreis","term_group":0,"term_taxonomy_id":118,"taxonomy":"category","description":"","parent":3,"count":3,"filter":"raw","cat_ID":118,"category_count":3,"category_description":"","cat_name":"Schwarzwald-Baar-Kreis","category_nicename":"schwarzwald-baar-kreis","category_parent":3}],"tag_info":[{"term_id":122,"name":"Donaueschingen","slug":"donaueschingen","term_group":0,"term_taxonomy_id":122,"taxonomy":"post_tag","description":"","parent":0,"count":1,"filter":"raw"},{"term_id":121,"name":"Furtwangen","slug":"furtwangen","term_group":0,"term_taxonomy_id":121,"taxonomy":"post_tag","description":"","parent":0,"count":2,"filter":"raw"}],"_links":{"self":[{"href":"https:\/\/blafor.com\/guide\/wp-json\/wp\/v2\/posts\/1989","targetHints":{"allow":["GET"]}}],"collection":[{"href":"https:\/\/blafor.com\/guide\/wp-json\/wp\/v2\/posts"}],"about":[{"href":"https:\/\/blafor.com\/guide\/wp-json\/wp\/v2\/types\/post"}],"author":[{"embeddable":true,"href":"https:\/\/blafor.com\/guide\/wp-json\/wp\/v2\/users\/1"}],"replies":[{"embeddable":true,"href":"https:\/\/blafor.com\/guide\/wp-json\/wp\/v2\/comments?post=1989"}],"version-history":[{"count":1,"href":"https:\/\/blafor.com\/guide\/wp-json\/wp\/v2\/posts\/1989\/revisions"}],"predecessor-version":[{"id":7855,"href":"https:\/\/blafor.com\/guide\/wp-json\/wp\/v2\/posts\/1989\/revisions\/7855"}],"wp:featuredmedia":[{"embeddable":true,"href":"https:\/\/blafor.com\/guide\/wp-json\/wp\/v2\/media\/1990"}],"wp:attachment":[{"href":"https:\/\/blafor.com\/guide\/wp-json\/wp\/v2\/media?parent=1989"}],"wp:term":[{"taxonomy":"category","embeddable":true,"href":"https:\/\/blafor.com\/guide\/wp-json\/wp\/v2\/categories?post=1989"},{"taxonomy":"post_tag","embeddable":true,"href":"https:\/\/blafor.com\/guide\/wp-json\/wp\/v2\/tags?post=1989"}],"curies":[{"name":"wp","href":"https:\/\/api.w.org\/{rel}","templated":true}]}}