{"id":143,"date":"2022-02-16T13:54:26","date_gmt":"2022-02-16T12:54:26","guid":{"rendered":"https:\/\/kadence.pixel-show.com\/travel-blog\/?p=143"},"modified":"2022-10-16T07:04:23","modified_gmt":"2022-10-16T05:04:23","slug":"die-schonsten-motive-im-schwarzwald","status":"publish","type":"post","link":"https:\/\/blafor.com\/guide\/die-schonsten-motive-im-schwarzwald\/","title":{"rendered":"Die sch\u00f6nsten Motive im Schwarzwald"},"content":{"rendered":"\n<p>Hier findest du die sch\u00f6nsten Motive im Schwarzwald, f\u00fcr dein Album oder f\u00fcr deine Social Media Posts.<\/p>\n\n\n\n<p>Das Titelbild zeigt ein aus Holz gefertigte Wand mit Eingang zu einem Erdkeller am S\u00fcdufer des Schluchsees. Das Motiv kommt bereits nach den ersten 100 Metern auf dem Wanderweg von der Staumauer in Richtung Aha.<\/p>\n\n\n<style>.wp-block-kadence-advancedheading.kt-adv-heading_fbd11e-49, .wp-block-kadence-advancedheading.kt-adv-heading_fbd11e-49[data-kb-block=\"kb-adv-heading_fbd11e-49\"]{font-style:normal;}.wp-block-kadence-advancedheading.kt-adv-heading_fbd11e-49 mark.kt-highlight, .wp-block-kadence-advancedheading.kt-adv-heading_fbd11e-49[data-kb-block=\"kb-adv-heading_fbd11e-49\"] mark.kt-highlight{font-style:normal;color:#f76a0c;-webkit-box-decoration-break:clone;box-decoration-break:clone;padding-top:0px;padding-right:0px;padding-bottom:0px;padding-left:0px;}.wp-block-kadence-advancedheading.kt-adv-heading_fbd11e-49 img.kb-inline-image, .wp-block-kadence-advancedheading.kt-adv-heading_fbd11e-49[data-kb-block=\"kb-adv-heading_fbd11e-49\"] img.kb-inline-image{width:150px;vertical-align:baseline;}<\/style>\n<h2 class=\"kt-adv-heading_fbd11e-49 wp-block-kadence-advancedheading\" data-kb-block=\"kb-adv-heading_fbd11e-49\">Der Hirsch am Schluchsee<\/h2>\n\n\n\n<p>Den Hirsch am <a href=\"https:\/\/blafor.com\/guide\/schluchsee-im-hochschwarzwald\/\">Schluchsee<\/a> findest du an der Staumauer nahe dem Imbiss-Restaurant.<\/p>\n\n\n\n<figure class=\"wp-block-image size-large\"><img loading=\"lazy\" decoding=\"async\" width=\"1024\" height=\"575\" src=\"https:\/\/blafor.com\/travel-guide\/wp-content\/uploads\/sites\/4\/2022\/04\/schluchsee-110-1024x575.jpg\" alt=\"\" class=\"wp-image-1191\" srcset=\"https:\/\/blafor.com\/guide\/wp-content\/uploads\/sites\/4\/2022\/04\/schluchsee-110-1024x575.jpg 1024w, https:\/\/blafor.com\/guide\/wp-content\/uploads\/sites\/4\/2022\/04\/schluchsee-110-300x168.jpg 300w, https:\/\/blafor.com\/guide\/wp-content\/uploads\/sites\/4\/2022\/04\/schluchsee-110-768x431.jpg 768w, https:\/\/blafor.com\/guide\/wp-content\/uploads\/sites\/4\/2022\/04\/schluchsee-110.jpg 1069w\" sizes=\"auto, (max-width: 1024px) 100vw, 1024px\" \/><\/figure>\n\n\n<style>.wp-block-kadence-advancedheading.kt-adv-heading_130d6b-64, .wp-block-kadence-advancedheading.kt-adv-heading_130d6b-64[data-kb-block=\"kb-adv-heading_130d6b-64\"]{font-style:normal;}.wp-block-kadence-advancedheading.kt-adv-heading_130d6b-64 mark.kt-highlight, .wp-block-kadence-advancedheading.kt-adv-heading_130d6b-64[data-kb-block=\"kb-adv-heading_130d6b-64\"] mark.kt-highlight{font-style:normal;color:#f76a0c;-webkit-box-decoration-break:clone;box-decoration-break:clone;padding-top:0px;padding-right:0px;padding-bottom:0px;padding-left:0px;}.wp-block-kadence-advancedheading.kt-adv-heading_130d6b-64 img.kb-inline-image, .wp-block-kadence-advancedheading.kt-adv-heading_130d6b-64[data-kb-block=\"kb-adv-heading_130d6b-64\"] img.kb-inline-image{width:150px;vertical-align:baseline;}<\/style>\n<h2 class=\"kt-adv-heading_130d6b-64 wp-block-kadence-advancedheading\" data-kb-block=\"kb-adv-heading_130d6b-64\">Schutzh\u00fctte in der R\u00f6tenbachschlucht<\/h2>\n\n\n\n<p>Die Schutzh\u00fctte in der <a href=\"https:\/\/blafor.com\/guide\/roetenbachschlucht\/\">R\u00f6tenbachschlucht<\/a> ist im Sommer ein romantisches Motiv. Du findest die H\u00fctte etwa auf dem halben Weg durch die Schlucht.<\/p>\n\n\n<style>#kt-layout-id_28fc93-17 > .kt-row-column-wrap{align-content:start;}:where(#kt-layout-id_28fc93-17 > .kt-row-column-wrap) > .wp-block-kadence-column{justify-content:start;}#kt-layout-id_28fc93-17 > .kt-row-column-wrap{column-gap:var(--global-kb-gap-md, 2rem);row-gap:var(--global-kb-gap-md, 2rem);padding-top:var( --global-kb-row-default-top, 25px );padding-bottom:var( --global-kb-row-default-bottom, 25px );padding-top:0px;padding-bottom:0px;padding-left:0px;padding-right:0px;grid-template-columns:repeat(2, minmax(0, 1fr));}#kt-layout-id_28fc93-17 > .kt-row-layout-overlay{opacity:0.30;}@media all and (max-width: 1024px){#kt-layout-id_28fc93-17 > .kt-row-column-wrap{grid-template-columns:repeat(2, minmax(0, 1fr));}}@media all and (max-width: 767px){#kt-layout-id_28fc93-17 > .kt-row-column-wrap{grid-template-columns:minmax(0, 1fr);}}<\/style>\n<div class=\"wp-block-kadence-rowlayout alignnone\"><div id=\"kt-layout-id_28fc93-17\" class=\"kt-row-layout-inner kt-layout-id_28fc93-17\"><div class=\"kt-row-column-wrap kt-has-2-columns kt-gutter-default kt-v-gutter-default kt-row-valign-top kt-row-layout-equal kt-tab-layout-inherit kt-m-colapse-left-to-right kt-mobile-layout-row\"><style>.kadence-column_2e640d-bf > .kt-inside-inner-col{border-top-width:0px;border-right-width:0px;border-bottom-width:0px;border-left-width:0px;}.kadence-column_2e640d-bf > .kt-inside-inner-col,.kadence-column_2e640d-bf > .kt-inside-inner-col:before{border-top-left-radius:0px;border-top-right-radius:0px;border-bottom-right-radius:0px;border-bottom-left-radius:0px;}.kadence-column_2e640d-bf > .kt-inside-inner-col{column-gap:var(--global-kb-gap-sm, 1rem);}.kadence-column_2e640d-bf > .kt-inside-inner-col{flex-direction:column;}.kadence-column_2e640d-bf > .kt-inside-inner-col > .aligncenter{width:100%;}.kadence-column_2e640d-bf > .kt-inside-inner-col:before{opacity:0.3;}.kadence-column_2e640d-bf{position:relative;}@media all and (max-width: 1024px){.kadence-column_2e640d-bf > .kt-inside-inner-col{flex-direction:column;justify-content:center;}}@media all and (max-width: 767px){.kadence-column_2e640d-bf > .kt-inside-inner-col{flex-direction:column;justify-content:center;}}<\/style>\n<div class=\"wp-block-kadence-column inner-column-1 kadence-column_2e640d-bf\"><div class=\"kt-inside-inner-col\">\n<figure class=\"wp-block-image size-large\"><img loading=\"lazy\" decoding=\"async\" width=\"1024\" height=\"575\" src=\"https:\/\/blafor.com\/travel-guide\/wp-content\/uploads\/sites\/4\/2022\/02\/roetenbach-100-1024x575.jpg\" alt=\"\" class=\"wp-image-1169\" srcset=\"https:\/\/blafor.com\/guide\/wp-content\/uploads\/sites\/4\/2022\/02\/roetenbach-100-1024x575.jpg 1024w, https:\/\/blafor.com\/guide\/wp-content\/uploads\/sites\/4\/2022\/02\/roetenbach-100-300x168.jpg 300w, https:\/\/blafor.com\/guide\/wp-content\/uploads\/sites\/4\/2022\/02\/roetenbach-100-768x431.jpg 768w, https:\/\/blafor.com\/guide\/wp-content\/uploads\/sites\/4\/2022\/02\/roetenbach-100.jpg 1069w\" sizes=\"auto, (max-width: 1024px) 100vw, 1024px\" \/><figcaption>Schutzh\u00fctte in der R\u00f6tenbachschlucht<\/figcaption><\/figure>\n<\/div><\/div>\n\n\n<style>.kadence-column_95925c-eb > .kt-inside-inner-col{border-top-width:0px;border-right-width:0px;border-bottom-width:0px;border-left-width:0px;}.kadence-column_95925c-eb > .kt-inside-inner-col,.kadence-column_95925c-eb > .kt-inside-inner-col:before{border-top-left-radius:0px;border-top-right-radius:0px;border-bottom-right-radius:0px;border-bottom-left-radius:0px;}.kadence-column_95925c-eb > .kt-inside-inner-col{column-gap:var(--global-kb-gap-sm, 1rem);}.kadence-column_95925c-eb > .kt-inside-inner-col{flex-direction:column;}.kadence-column_95925c-eb > .kt-inside-inner-col > .aligncenter{width:100%;}.kadence-column_95925c-eb > .kt-inside-inner-col:before{opacity:0.3;}.kadence-column_95925c-eb{position:relative;}@media all and (max-width: 1024px){.kadence-column_95925c-eb > .kt-inside-inner-col{flex-direction:column;justify-content:center;}}@media all and (max-width: 767px){.kadence-column_95925c-eb > .kt-inside-inner-col{flex-direction:column;justify-content:center;}}<\/style>\n<div class=\"wp-block-kadence-column inner-column-2 kadence-column_95925c-eb\"><div class=\"kt-inside-inner-col\">\n<figure class=\"wp-block-image size-large\"><img loading=\"lazy\" decoding=\"async\" width=\"1024\" height=\"575\" src=\"https:\/\/blafor.com\/guide\/wp-content\/uploads\/sites\/4\/2022\/04\/titisee-108-1024x575.jpg\" alt=\"Uhr Titisee\" class=\"wp-image-2363\" srcset=\"https:\/\/blafor.com\/guide\/wp-content\/uploads\/sites\/4\/2022\/04\/titisee-108-1024x575.jpg 1024w, https:\/\/blafor.com\/guide\/wp-content\/uploads\/sites\/4\/2022\/04\/titisee-108-300x168.jpg 300w, https:\/\/blafor.com\/guide\/wp-content\/uploads\/sites\/4\/2022\/04\/titisee-108-768x431.jpg 768w, https:\/\/blafor.com\/guide\/wp-content\/uploads\/sites\/4\/2022\/04\/titisee-108.jpg 1069w\" sizes=\"auto, (max-width: 1024px) 100vw, 1024px\" \/><figcaption>Haushohe Kuckucksuhr Titisee<\/figcaption><\/figure>\n<\/div><\/div>\n<\/div><\/div><\/div>\n\n\n<style>.wp-block-kadence-advancedheading.kt-adv-heading_5a2e0e-50, .wp-block-kadence-advancedheading.kt-adv-heading_5a2e0e-50[data-kb-block=\"kb-adv-heading_5a2e0e-50\"]{font-style:normal;}.wp-block-kadence-advancedheading.kt-adv-heading_5a2e0e-50 mark.kt-highlight, .wp-block-kadence-advancedheading.kt-adv-heading_5a2e0e-50[data-kb-block=\"kb-adv-heading_5a2e0e-50\"] mark.kt-highlight{font-style:normal;color:#f76a0c;-webkit-box-decoration-break:clone;box-decoration-break:clone;padding-top:0px;padding-right:0px;padding-bottom:0px;padding-left:0px;}.wp-block-kadence-advancedheading.kt-adv-heading_5a2e0e-50 img.kb-inline-image, .wp-block-kadence-advancedheading.kt-adv-heading_5a2e0e-50[data-kb-block=\"kb-adv-heading_5a2e0e-50\"] img.kb-inline-image{width:150px;vertical-align:baseline;}<\/style>\n<h2 class=\"kt-adv-heading_5a2e0e-50 wp-block-kadence-advancedheading\" data-kb-block=\"kb-adv-heading_5a2e0e-50\">Die gr\u00f6\u00dften Kuckucksuhren<\/h2>\n\n\n\n<p>Ein beliebtes Motiv sind die zahlreichen Haus gro\u00dfen <a href=\"https:\/\/blafor.com\/guide\/schwarzwaelder-kuckucksuhr\/\">Kuckucksuhren<\/a> im Schwarzwald.<\/p>\n\n\n<style>.kb-image_18d73a-38 .kb-image-has-overlay:after{opacity:0.3;}<\/style>\n<div class=\"wp-block-kadence-image kb-image_18d73a-38\"><figure class=\"aligncenter size-large\"><img loading=\"lazy\" decoding=\"async\" width=\"1024\" height=\"575\" src=\"https:\/\/blafor.com\/guide\/wp-content\/uploads\/sites\/4\/2022\/08\/stblasien102-1024x575.jpg\" alt=\"Dom St. Blasien\" class=\"kb-img wp-image-2675\" srcset=\"https:\/\/blafor.com\/guide\/wp-content\/uploads\/sites\/4\/2022\/08\/stblasien102-1024x575.jpg 1024w, https:\/\/blafor.com\/guide\/wp-content\/uploads\/sites\/4\/2022\/08\/stblasien102-300x168.jpg 300w, https:\/\/blafor.com\/guide\/wp-content\/uploads\/sites\/4\/2022\/08\/stblasien102-768x431.jpg 768w, https:\/\/blafor.com\/guide\/wp-content\/uploads\/sites\/4\/2022\/08\/stblasien102.jpg 1069w\" sizes=\"auto, (max-width: 1024px) 100vw, 1024px\" \/><figcaption>Dom St. Blasien<\/figcaption><\/figure><\/div>\n\n\n<style>.wp-block-kadence-advancedheading.kt-adv-heading_b0f5ec-58, .wp-block-kadence-advancedheading.kt-adv-heading_b0f5ec-58[data-kb-block=\"kb-adv-heading_b0f5ec-58\"]{font-style:normal;}.wp-block-kadence-advancedheading.kt-adv-heading_b0f5ec-58 mark.kt-highlight, .wp-block-kadence-advancedheading.kt-adv-heading_b0f5ec-58[data-kb-block=\"kb-adv-heading_b0f5ec-58\"] mark.kt-highlight{font-style:normal;color:#f76a0c;-webkit-box-decoration-break:clone;box-decoration-break:clone;padding-top:0px;padding-right:0px;padding-bottom:0px;padding-left:0px;}.wp-block-kadence-advancedheading.kt-adv-heading_b0f5ec-58 img.kb-inline-image, .wp-block-kadence-advancedheading.kt-adv-heading_b0f5ec-58[data-kb-block=\"kb-adv-heading_b0f5ec-58\"] img.kb-inline-image{width:150px;vertical-align:baseline;}<\/style>\n<h2 class=\"kt-adv-heading_b0f5ec-58 wp-block-kadence-advancedheading\" data-kb-block=\"kb-adv-heading_b0f5ec-58\">Der Dom in St. Blasien<\/h2>\n\n\n\n<p>Der Dom in <a href=\"https:\/\/blafor.com\/guide\/st-blasien-im-albtal\/\">St. Blasien<\/a>, volkst\u00fcmlich genannt \u201eSchwarzw\u00e4lder Dom\u201c, ist nicht zu verfehlen, er steht recht imposant im Zentrum der Stadt.<\/p>\n\n\n<style>.kb-image_133ea1-f3 .kb-image-has-overlay:after{opacity:0.3;}<\/style>\n<div class=\"wp-block-kadence-image kb-image_133ea1-f3\"><figure class=\"aligncenter size-large\"><img loading=\"lazy\" decoding=\"async\" width=\"1024\" height=\"575\" src=\"https:\/\/blafor.com\/guide\/wp-content\/uploads\/sites\/4\/2022\/01\/freiburg-103-1024x575.jpg\" alt=\"Freiburg im Breisgau\" class=\"kb-img wp-image-2061\" srcset=\"https:\/\/blafor.com\/guide\/wp-content\/uploads\/sites\/4\/2022\/01\/freiburg-103-1024x575.jpg 1024w, https:\/\/blafor.com\/guide\/wp-content\/uploads\/sites\/4\/2022\/01\/freiburg-103-300x168.jpg 300w, https:\/\/blafor.com\/guide\/wp-content\/uploads\/sites\/4\/2022\/01\/freiburg-103-768x431.jpg 768w, https:\/\/blafor.com\/guide\/wp-content\/uploads\/sites\/4\/2022\/01\/freiburg-103.jpg 1069w\" sizes=\"auto, (max-width: 1024px) 100vw, 1024px\" \/><figcaption>Tempelchen am Seepark<\/figcaption><\/figure><\/div>\n\n\n<style>.wp-block-kadence-advancedheading.kt-adv-heading_c8fa50-0b, .wp-block-kadence-advancedheading.kt-adv-heading_c8fa50-0b[data-kb-block=\"kb-adv-heading_c8fa50-0b\"]{font-style:normal;}.wp-block-kadence-advancedheading.kt-adv-heading_c8fa50-0b mark.kt-highlight, .wp-block-kadence-advancedheading.kt-adv-heading_c8fa50-0b[data-kb-block=\"kb-adv-heading_c8fa50-0b\"] mark.kt-highlight{font-style:normal;color:#f76a0c;-webkit-box-decoration-break:clone;box-decoration-break:clone;padding-top:0px;padding-right:0px;padding-bottom:0px;padding-left:0px;}.wp-block-kadence-advancedheading.kt-adv-heading_c8fa50-0b img.kb-inline-image, .wp-block-kadence-advancedheading.kt-adv-heading_c8fa50-0b[data-kb-block=\"kb-adv-heading_c8fa50-0b\"] img.kb-inline-image{width:150px;vertical-align:baseline;}<\/style>\n<h2 class=\"kt-adv-heading_c8fa50-0b wp-block-kadence-advancedheading\" data-kb-block=\"kb-adv-heading_c8fa50-0b\">Tempelchen am Seepark<\/h2>\n\n\n\n<p>Das erst in den 1980er Jahren f\u00fcr die Landesgartenschau 1986 errichtete Tempelchen am Seepark in <a href=\"https:\/\/blafor.com\/guide\/freiburg-im-breisgau\/\">Freiburg im Breisgau<\/a>, befindet sich auf der Westseite des Fl\u00fcckigersee und gibt ein sch\u00f6nes Motiv ab, mit dem Schwarzwald im Hintergrund.<\/p>\n\n\n<style>.kb-image_04e8eb-d0 .kb-image-has-overlay:after{opacity:0.3;}<\/style>\n<div class=\"wp-block-kadence-image kb-image_04e8eb-d0\"><figure class=\"aligncenter size-large\"><img loading=\"lazy\" decoding=\"async\" width=\"1024\" height=\"575\" src=\"https:\/\/blafor.com\/guide\/wp-content\/uploads\/sites\/4\/2022\/04\/tribergfaelle-100-1024x575.jpg\" alt=\"\" class=\"kb-img wp-image-1371\" srcset=\"https:\/\/blafor.com\/guide\/wp-content\/uploads\/sites\/4\/2022\/04\/tribergfaelle-100-1024x575.jpg 1024w, https:\/\/blafor.com\/guide\/wp-content\/uploads\/sites\/4\/2022\/04\/tribergfaelle-100-300x168.jpg 300w, https:\/\/blafor.com\/guide\/wp-content\/uploads\/sites\/4\/2022\/04\/tribergfaelle-100-768x431.jpg 768w, https:\/\/blafor.com\/guide\/wp-content\/uploads\/sites\/4\/2022\/04\/tribergfaelle-100.jpg 1069w\" sizes=\"auto, (max-width: 1024px) 100vw, 1024px\" \/><figcaption>Triberger Wasserf\u00e4lle<\/figcaption><\/figure><\/div>\n\n\n<style>.wp-block-kadence-advancedheading.kt-adv-heading_a557d7-77, .wp-block-kadence-advancedheading.kt-adv-heading_a557d7-77[data-kb-block=\"kb-adv-heading_a557d7-77\"]{font-style:normal;}.wp-block-kadence-advancedheading.kt-adv-heading_a557d7-77 mark.kt-highlight, .wp-block-kadence-advancedheading.kt-adv-heading_a557d7-77[data-kb-block=\"kb-adv-heading_a557d7-77\"] mark.kt-highlight{font-style:normal;color:#f76a0c;-webkit-box-decoration-break:clone;box-decoration-break:clone;padding-top:0px;padding-right:0px;padding-bottom:0px;padding-left:0px;}.wp-block-kadence-advancedheading.kt-adv-heading_a557d7-77 img.kb-inline-image, .wp-block-kadence-advancedheading.kt-adv-heading_a557d7-77[data-kb-block=\"kb-adv-heading_a557d7-77\"] img.kb-inline-image{width:150px;vertical-align:baseline;}<\/style>\n<h2 class=\"kt-adv-heading_a557d7-77 wp-block-kadence-advancedheading\" data-kb-block=\"kb-adv-heading_a557d7-77\">Triberger Wasserf\u00e4lle<\/h2>\n\n\n\n<p>Die <a href=\"https:\/\/blafor.com\/guide\/triberger-wasserfaelle\/\">Triberger Wasserf\u00e4lle<\/a> sind eine imposante Kulisse f\u00fcr Fotoshootings. Die bei Triberg im Schwarzwald gelegenen Wasserf\u00e4lle geh\u00f6ren mit ihren insgesamt 163 Metern Fallh\u00f6he zu den h\u00f6chsten und bekanntesten Wasserf\u00e4llen Deutschlands.<\/p>\n\n\n<style>.kt-blocks-testimonials-wrap_cb2acb-64 .kt-svg-testimonial-global-icon{color:var(--global-palette9, #ffffff);font-size:36px;background:var(--global-palette1, #3182CE);border-color:var(--global-palette9, #ffffff);border-top-width:4px;border-right-width:4px;border-bottom-width:4px;border-left-width:4px;}.kt-blocks-testimonials-wrap_cb2acb-64 .kt-testimonial-item-0 .kt-svg-testimonial-icon{color:#555555;font-size:50px;}.kt-blocks-testimonials-wrap_cb2acb-64 .kt-testimonial-rating-wrap{margin-top:10px;margin-right:0px;margin-bottom:10px;margin-left:0px;}.kt-blocks-testimonials-wrap_cb2acb-64 .kt-testimonial-rating-wrap .kb-svg-icon-wrap{color:#ffd700;font-size:16px;}.kt-blocks-testimonials-wrap_cb2acb-64 .kt-testimonial-grid-wrap{gap:var(--global-kb-gap-md, 2rem);}.kt-blocks-testimonials-wrap_cb2acb-64 .kt-testimonial-item-wrap .kt-testimonial-text-wrap{padding-top:18px;padding-right:18px;padding-bottom:20px;padding-left:18px;}.kt-blocks-testimonials-wrap_cb2acb-64 .kt-testimonial-item-wrap .kt-testimonial-title{margin-top:0px;margin-right:0px;margin-bottom:15px;margin-left:0px;padding-top:15px;padding-right:15px;padding-bottom:15px;padding-left:15px;}.kt-blocks-testimonials-wrap_cb2acb-64 .kt-testimonial-name{color:#333333;line-height:20px;font-weight:bold;}.kt-blocks-testimonials-wrap_cb2acb-64 .kt-testimonial-occupation{color:var(--global-palette6, #718096);font-size:15px;}.kt-blocks-testimonials-wrap_cb2acb-64 .kt-testimonial-item-wrap{max-width:1200px;}.kt-blocks-testimonials-wrap_cb2acb-64 .kt-testimonial-item-wrap .kt-testimonial-text-wrap{background:var(--global-palette7, #EDF2F7);max-width:1200px;}.kt-blocks-testimonials-wrap_cb2acb-64 .kt-testimonial-media-inner-wrap{width:80px;}.kt-blocks-testimonials-wrap_cb2acb-64 .kt-svg-testimonial-icon{justify-content:center;align-items:center;}.kt-blocks-testimonials-wrap_cb2acb-64 .kt-svg-testimonial-global-icon svg{display:inline-block;vertical-align:middle;}@media all and (max-width: 767px){.kt-blocks-testimonials-wrap_cb2acb-64{padding-top:px;padding-bottom:30px;margin-top:px;margin-bottom:px;}.kt-blocks-testimonials-wrap_cb2acb-64 .kt-testimonial-item-wrap .kt-testimonial-text-wrap{padding-bottom:30px;}}<\/style>\n<div class=\"wp-block-kadence-testimonials kt-testimonial-halign-center kt-testimonial-style-bubble kt-testimonials-media-on kt-testimonials-icon-on kt-testimonial-columns-1 kt-t-xxl-col-1 kt-t-xl-col-1 kt-t-lg-col-1 kt-t-md-col-1 kt-t-sm-col-1 kt-t-xs-col-1 kt-blocks-testimonials-wrap_cb2acb-64\"><div class=\"kt-testimonial-grid-wrap\" style=\"grid-row-gap:30px;grid-column-gap:30px\"><div class=\"kt-testimonial-item-wrap kt-testimonial-item-0\" style=\"max-width:1200px\"><div class=\"kt-testimonial-text-wrap\" style=\"border-color:#eeeeee;background:var(--global-palette7);border-radius:0px;border-top-width:0px;border-right-width:0px;border-bottom-width:0px;border-left-width:0px;padding-top:18px;padding-right:18px;padding-bottom:20px;padding-left:18px\"><div class=\"kt-svg-testimonial-global-icon-wrap\" style=\"margin:px px px px\"><div style=\"display:inline-flex;justify-content:center;align-items:center;color:var(--global-palette9);border-radius:px;border-top-width:4px;border-right-width:4px;border-bottom-width:4px;border-left-width:4px;background:var(--global-palette1);border-color:var(--global-palette9);padding:px px px px\" class=\"kt-svg-testimonial-global-icon kt-svg-testimonial-global-icon-fas_comments\"><svg style=\"display:inline-block;vertical-align:middle\" viewBox=\"0 0 576 512\" height=\"36\" width=\"36\" fill=\"currentColor\" xmlns=\"http:\/\/www.w3.org\/2000\/svg\"><path d=\"M416 192c0-88.4-93.1-160-208-160S0 103.6 0 192c0 34.3 14.1 65.9 38 92-13.4 30.2-35.5 54.2-35.8 54.5-2.2 2.3-2.8 5.7-1.5 8.7S4.8 352 8 352c36.6 0 66.9-12.3 88.7-25 32.2 15.7 70.3 25 111.3 25 114.9 0 208-71.6 208-160zm122 220c23.9-26 38-57.7 38-92 0-66.9-53.5-124.2-129.3-148.1.9 6.6 1.3 13.3 1.3 20.1 0 105.9-107.7 192-240 192-10.8 0-21.3-.8-31.7-1.9C207.8 439.6 281.8 480 368 480c41 0 79.1-9.2 111.3-25 21.8 12.7 52.1 25 88.7 25 3.2 0 6.1-1.9 7.3-4.8 1.3-2.9.7-6.3-1.5-8.7-.3-.3-22.4-24.2-35.8-54.5z\"><\/path><\/svg><\/div><\/div><div class=\"kt-testimonial-title-wrap\"><h2 class=\"kt-testimonial-title\">Bald gibts mehr<\/h2><\/div><div class=\"kt-testimonial-content-wrap\"><div class=\"kt-testimonial-content\">Wir aktualisieren und erg\u00e4nzen regelm\u00e4\u00dfig die Inhalte, schau einfach mal \u00f6fter rein, evtl. gibts was neues f\u00fcr dich. Du hast einen Tipp oder du m\u00f6chtest zum Thema etwas beitragen? <a href=\"https:\/\/blafor.com\/guide\/kontakt\/\">Kontaktiere uns<\/a> oder schreibe weiter unten dein Kommentar.<\/div><\/div><\/div><div class=\"kt-testimonial-meta-wrap\"><div class=\"kt-testimonial-media-wrap\"><div class=\"kt-testimonial-media-inner-wrap\" style=\"width:80px;border-color:#555555;border-width:0px 0px 0px 0px;padding:0px 0px 0px 0px\"><div class=\"kadence-testimonial-image-intrisic\"><div class=\"kt-testimonial-image\" style=\"background-image:url('https:\/\/blafor.com\/guide\/wp-content\/uploads\/sites\/4\/2022\/04\/gastgeber220301-300x300.jpg')\"><\/div><\/div><\/div><\/div><div class=\"kt-testimonial-meta-name-wrap\"><div class=\"kt-testimonial-name-wrap\"><div class=\"kt-testimonial-name\">Danke f\u00fcr dein Interesse<\/div><\/div><div class=\"kt-testimonial-occupation-wrap\"><div class=\"kt-testimonial-occupation\">Alice &amp; Zeljko<\/div><\/div><\/div><\/div><\/div><\/div><\/div>\n","protected":false},"excerpt":{"rendered":"<p>Hier findest du die sch\u00f6nsten Motive im Schwarzwald, f\u00fcr dein Album oder f\u00fcr deine Social&#8230;<\/p>\n","protected":false},"author":1,"featured_media":1192,"comment_status":"open","ping_status":"open","sticky":false,"template":"","format":"standard","meta":{"_acf_changed":false,"_kad_blocks_custom_css":"","_kad_blocks_head_custom_js":"","_kad_blocks_body_custom_js":"","_kad_blocks_footer_custom_js":"","_kadence_starter_templates_imported_post":true,"_kad_post_transparent":"","_kad_post_title":"","_kad_post_layout":"","_kad_post_sidebar_id":"","_kad_post_content_style":"","_kad_post_vertical_padding":"","_kad_post_feature":"","_kad_post_feature_position":"","_kad_post_header":false,"_kad_post_footer":false,"_kad_post_classname":"","footnotes":""},"categories":[141],"tags":[49,50,43],"class_list":["post-143","post","type-post","status-publish","format-standard","has-post-thumbnail","hentry","category-kunst-kultur","tag-fotografie","tag-schoene-motive","tag-spass"],"yoast_head":"<!-- This site is optimized with the Yoast SEO plugin v27.5 - https:\/\/yoast.com\/product\/yoast-seo-wordpress\/ -->\n<title>Die sch\u00f6nsten Motive im Schwarzwald &#187; BlaFor.com Guide<\/title>\n<meta name=\"description\" content=\"Hier hast du f\u00fcr dein Fotoshooting die sch\u00f6nsten Kulissen. Wir zeigen dir die sch\u00f6nsten Motive im Schwarzwald\" \/>\n<meta name=\"robots\" content=\"index, follow, max-snippet:-1, max-image-preview:large, max-video-preview:-1\" \/>\n<link rel=\"canonical\" href=\"https:\/\/blafor.com\/guide\/die-schonsten-motive-im-schwarzwald\/\" \/>\n<meta property=\"og:locale\" content=\"de_DE\" \/>\n<meta property=\"og:type\" content=\"article\" \/>\n<meta property=\"og:title\" content=\"Die sch\u00f6nsten Motive im Schwarzwald &#187; BlaFor.com Guide\" \/>\n<meta property=\"og:description\" content=\"Hier hast du f\u00fcr dein Fotoshooting die sch\u00f6nsten Kulissen. Wir zeigen dir die sch\u00f6nsten Motive im Schwarzwald\" \/>\n<meta property=\"og:url\" content=\"https:\/\/blafor.com\/guide\/die-schonsten-motive-im-schwarzwald\/\" \/>\n<meta property=\"og:site_name\" content=\"BlaFor.com Guide\" \/>\n<meta property=\"article:published_time\" content=\"2022-02-16T12:54:26+00:00\" \/>\n<meta property=\"article:modified_time\" content=\"2022-10-16T05:04:23+00:00\" \/>\n<meta property=\"og:image\" content=\"https:\/\/blafor.com\/guide\/wp-content\/uploads\/sites\/4\/2022\/02\/schluchsee-111.jpg\" \/>\n\t<meta property=\"og:image:width\" content=\"1069\" \/>\n\t<meta property=\"og:image:height\" content=\"600\" \/>\n\t<meta property=\"og:image:type\" content=\"image\/jpeg\" \/>\n<meta name=\"author\" content=\"ALIZEL\" \/>\n<meta name=\"twitter:card\" content=\"summary_large_image\" \/>\n<meta name=\"twitter:label1\" content=\"Verfasst von\" \/>\n\t<meta name=\"twitter:data1\" content=\"ALIZEL\" \/>\n\t<meta name=\"twitter:label2\" content=\"Gesch\u00e4tzte Lesezeit\" \/>\n\t<meta name=\"twitter:data2\" content=\"3\u00a0Minuten\" \/>\n<script type=\"application\/ld+json\" class=\"yoast-schema-graph\">{\"@context\":\"https:\\\/\\\/schema.org\",\"@graph\":[{\"@type\":\"Article\",\"@id\":\"https:\\\/\\\/blafor.com\\\/guide\\\/die-schonsten-motive-im-schwarzwald\\\/#article\",\"isPartOf\":{\"@id\":\"https:\\\/\\\/blafor.com\\\/guide\\\/die-schonsten-motive-im-schwarzwald\\\/\"},\"author\":{\"name\":\"ALIZEL\",\"@id\":\"https:\\\/\\\/blafor.com\\\/guide\\\/#\\\/schema\\\/person\\\/79eff7a1421b6bad914d5e120f902264\"},\"headline\":\"Die sch\u00f6nsten Motive im Schwarzwald\",\"datePublished\":\"2022-02-16T12:54:26+00:00\",\"dateModified\":\"2022-10-16T05:04:23+00:00\",\"mainEntityOfPage\":{\"@id\":\"https:\\\/\\\/blafor.com\\\/guide\\\/die-schonsten-motive-im-schwarzwald\\\/\"},\"wordCount\":251,\"commentCount\":0,\"publisher\":{\"@id\":\"https:\\\/\\\/blafor.com\\\/guide\\\/#organization\"},\"image\":{\"@id\":\"https:\\\/\\\/blafor.com\\\/guide\\\/die-schonsten-motive-im-schwarzwald\\\/#primaryimage\"},\"thumbnailUrl\":\"https:\\\/\\\/blafor.com\\\/guide\\\/wp-content\\\/uploads\\\/sites\\\/4\\\/2022\\\/02\\\/schluchsee-111.jpg\",\"keywords\":[\"Fotografie\",\"Sch\u00f6ne Motive\",\"Spa\u00df\"],\"articleSection\":[\"Kunst &amp; Kultur\"],\"inLanguage\":\"de\",\"potentialAction\":[{\"@type\":\"CommentAction\",\"name\":\"Comment\",\"target\":[\"https:\\\/\\\/blafor.com\\\/guide\\\/die-schonsten-motive-im-schwarzwald\\\/#respond\"]}]},{\"@type\":\"WebPage\",\"@id\":\"https:\\\/\\\/blafor.com\\\/guide\\\/die-schonsten-motive-im-schwarzwald\\\/\",\"url\":\"https:\\\/\\\/blafor.com\\\/guide\\\/die-schonsten-motive-im-schwarzwald\\\/\",\"name\":\"Die sch\u00f6nsten Motive im Schwarzwald &#187; BlaFor.com Guide\",\"isPartOf\":{\"@id\":\"https:\\\/\\\/blafor.com\\\/guide\\\/#website\"},\"primaryImageOfPage\":{\"@id\":\"https:\\\/\\\/blafor.com\\\/guide\\\/die-schonsten-motive-im-schwarzwald\\\/#primaryimage\"},\"image\":{\"@id\":\"https:\\\/\\\/blafor.com\\\/guide\\\/die-schonsten-motive-im-schwarzwald\\\/#primaryimage\"},\"thumbnailUrl\":\"https:\\\/\\\/blafor.com\\\/guide\\\/wp-content\\\/uploads\\\/sites\\\/4\\\/2022\\\/02\\\/schluchsee-111.jpg\",\"datePublished\":\"2022-02-16T12:54:26+00:00\",\"dateModified\":\"2022-10-16T05:04:23+00:00\",\"description\":\"Hier hast du f\u00fcr dein Fotoshooting die sch\u00f6nsten Kulissen. Wir zeigen dir die sch\u00f6nsten Motive im Schwarzwald\",\"breadcrumb\":{\"@id\":\"https:\\\/\\\/blafor.com\\\/guide\\\/die-schonsten-motive-im-schwarzwald\\\/#breadcrumb\"},\"inLanguage\":\"de\",\"potentialAction\":[{\"@type\":\"ReadAction\",\"target\":[\"https:\\\/\\\/blafor.com\\\/guide\\\/die-schonsten-motive-im-schwarzwald\\\/\"]}]},{\"@type\":\"ImageObject\",\"inLanguage\":\"de\",\"@id\":\"https:\\\/\\\/blafor.com\\\/guide\\\/die-schonsten-motive-im-schwarzwald\\\/#primaryimage\",\"url\":\"https:\\\/\\\/blafor.com\\\/guide\\\/wp-content\\\/uploads\\\/sites\\\/4\\\/2022\\\/02\\\/schluchsee-111.jpg\",\"contentUrl\":\"https:\\\/\\\/blafor.com\\\/guide\\\/wp-content\\\/uploads\\\/sites\\\/4\\\/2022\\\/02\\\/schluchsee-111.jpg\",\"width\":1069,\"height\":600},{\"@type\":\"BreadcrumbList\",\"@id\":\"https:\\\/\\\/blafor.com\\\/guide\\\/die-schonsten-motive-im-schwarzwald\\\/#breadcrumb\",\"itemListElement\":[{\"@type\":\"ListItem\",\"position\":1,\"name\":\"Startseite\",\"item\":\"https:\\\/\\\/blafor.com\\\/guide\\\/\"},{\"@type\":\"ListItem\",\"position\":2,\"name\":\"Die sch\u00f6nsten Motive im Schwarzwald\"}]},{\"@type\":\"WebSite\",\"@id\":\"https:\\\/\\\/blafor.com\\\/guide\\\/#website\",\"url\":\"https:\\\/\\\/blafor.com\\\/guide\\\/\",\"name\":\"BlaFor.com Guide\",\"description\":\"Reisef\u00fchrer durch den Schwarzwald\",\"publisher\":{\"@id\":\"https:\\\/\\\/blafor.com\\\/guide\\\/#organization\"},\"potentialAction\":[{\"@type\":\"SearchAction\",\"target\":{\"@type\":\"EntryPoint\",\"urlTemplate\":\"https:\\\/\\\/blafor.com\\\/guide\\\/?s={search_term_string}\"},\"query-input\":{\"@type\":\"PropertyValueSpecification\",\"valueRequired\":true,\"valueName\":\"search_term_string\"}}],\"inLanguage\":\"de\"},{\"@type\":\"Organization\",\"@id\":\"https:\\\/\\\/blafor.com\\\/guide\\\/#organization\",\"name\":\"BlaFor.com Guide\",\"url\":\"https:\\\/\\\/blafor.com\\\/guide\\\/\",\"logo\":{\"@type\":\"ImageObject\",\"inLanguage\":\"de\",\"@id\":\"https:\\\/\\\/blafor.com\\\/guide\\\/#\\\/schema\\\/logo\\\/image\\\/\",\"url\":\"https:\\\/\\\/blafor.com\\\/guide\\\/wp-content\\\/uploads\\\/sites\\\/4\\\/2022\\\/08\\\/bfc-shop64.png\",\"contentUrl\":\"https:\\\/\\\/blafor.com\\\/guide\\\/wp-content\\\/uploads\\\/sites\\\/4\\\/2022\\\/08\\\/bfc-shop64.png\",\"width\":400,\"height\":160,\"caption\":\"BlaFor.com Guide\"},\"image\":{\"@id\":\"https:\\\/\\\/blafor.com\\\/guide\\\/#\\\/schema\\\/logo\\\/image\\\/\"}},{\"@type\":\"Person\",\"@id\":\"https:\\\/\\\/blafor.com\\\/guide\\\/#\\\/schema\\\/person\\\/79eff7a1421b6bad914d5e120f902264\",\"name\":\"ALIZEL\",\"sameAs\":[\"https:\\\/\\\/blafor.com\"],\"url\":\"https:\\\/\\\/blafor.com\\\/guide\\\/author\\\/zeljko\\\/\"}]}<\/script>\n<!-- \/ Yoast SEO plugin. -->","yoast_head_json":{"title":"Die sch\u00f6nsten Motive im Schwarzwald &#187; BlaFor.com Guide","description":"Hier hast du f\u00fcr dein Fotoshooting die sch\u00f6nsten Kulissen. Wir zeigen dir die sch\u00f6nsten Motive im Schwarzwald","robots":{"index":"index","follow":"follow","max-snippet":"max-snippet:-1","max-image-preview":"max-image-preview:large","max-video-preview":"max-video-preview:-1"},"canonical":"https:\/\/blafor.com\/guide\/die-schonsten-motive-im-schwarzwald\/","og_locale":"de_DE","og_type":"article","og_title":"Die sch\u00f6nsten Motive im Schwarzwald &#187; BlaFor.com Guide","og_description":"Hier hast du f\u00fcr dein Fotoshooting die sch\u00f6nsten Kulissen. Wir zeigen dir die sch\u00f6nsten Motive im Schwarzwald","og_url":"https:\/\/blafor.com\/guide\/die-schonsten-motive-im-schwarzwald\/","og_site_name":"BlaFor.com Guide","article_published_time":"2022-02-16T12:54:26+00:00","article_modified_time":"2022-10-16T05:04:23+00:00","og_image":[{"width":1069,"height":600,"url":"https:\/\/blafor.com\/guide\/wp-content\/uploads\/sites\/4\/2022\/02\/schluchsee-111.jpg","type":"image\/jpeg"}],"author":"ALIZEL","twitter_card":"summary_large_image","twitter_misc":{"Verfasst von":"ALIZEL","Gesch\u00e4tzte Lesezeit":"3\u00a0Minuten"},"schema":{"@context":"https:\/\/schema.org","@graph":[{"@type":"Article","@id":"https:\/\/blafor.com\/guide\/die-schonsten-motive-im-schwarzwald\/#article","isPartOf":{"@id":"https:\/\/blafor.com\/guide\/die-schonsten-motive-im-schwarzwald\/"},"author":{"name":"ALIZEL","@id":"https:\/\/blafor.com\/guide\/#\/schema\/person\/79eff7a1421b6bad914d5e120f902264"},"headline":"Die sch\u00f6nsten Motive im Schwarzwald","datePublished":"2022-02-16T12:54:26+00:00","dateModified":"2022-10-16T05:04:23+00:00","mainEntityOfPage":{"@id":"https:\/\/blafor.com\/guide\/die-schonsten-motive-im-schwarzwald\/"},"wordCount":251,"commentCount":0,"publisher":{"@id":"https:\/\/blafor.com\/guide\/#organization"},"image":{"@id":"https:\/\/blafor.com\/guide\/die-schonsten-motive-im-schwarzwald\/#primaryimage"},"thumbnailUrl":"https:\/\/blafor.com\/guide\/wp-content\/uploads\/sites\/4\/2022\/02\/schluchsee-111.jpg","keywords":["Fotografie","Sch\u00f6ne Motive","Spa\u00df"],"articleSection":["Kunst &amp; Kultur"],"inLanguage":"de","potentialAction":[{"@type":"CommentAction","name":"Comment","target":["https:\/\/blafor.com\/guide\/die-schonsten-motive-im-schwarzwald\/#respond"]}]},{"@type":"WebPage","@id":"https:\/\/blafor.com\/guide\/die-schonsten-motive-im-schwarzwald\/","url":"https:\/\/blafor.com\/guide\/die-schonsten-motive-im-schwarzwald\/","name":"Die sch\u00f6nsten Motive im Schwarzwald &#187; BlaFor.com Guide","isPartOf":{"@id":"https:\/\/blafor.com\/guide\/#website"},"primaryImageOfPage":{"@id":"https:\/\/blafor.com\/guide\/die-schonsten-motive-im-schwarzwald\/#primaryimage"},"image":{"@id":"https:\/\/blafor.com\/guide\/die-schonsten-motive-im-schwarzwald\/#primaryimage"},"thumbnailUrl":"https:\/\/blafor.com\/guide\/wp-content\/uploads\/sites\/4\/2022\/02\/schluchsee-111.jpg","datePublished":"2022-02-16T12:54:26+00:00","dateModified":"2022-10-16T05:04:23+00:00","description":"Hier hast du f\u00fcr dein Fotoshooting die sch\u00f6nsten Kulissen. Wir zeigen dir die sch\u00f6nsten Motive im Schwarzwald","breadcrumb":{"@id":"https:\/\/blafor.com\/guide\/die-schonsten-motive-im-schwarzwald\/#breadcrumb"},"inLanguage":"de","potentialAction":[{"@type":"ReadAction","target":["https:\/\/blafor.com\/guide\/die-schonsten-motive-im-schwarzwald\/"]}]},{"@type":"ImageObject","inLanguage":"de","@id":"https:\/\/blafor.com\/guide\/die-schonsten-motive-im-schwarzwald\/#primaryimage","url":"https:\/\/blafor.com\/guide\/wp-content\/uploads\/sites\/4\/2022\/02\/schluchsee-111.jpg","contentUrl":"https:\/\/blafor.com\/guide\/wp-content\/uploads\/sites\/4\/2022\/02\/schluchsee-111.jpg","width":1069,"height":600},{"@type":"BreadcrumbList","@id":"https:\/\/blafor.com\/guide\/die-schonsten-motive-im-schwarzwald\/#breadcrumb","itemListElement":[{"@type":"ListItem","position":1,"name":"Startseite","item":"https:\/\/blafor.com\/guide\/"},{"@type":"ListItem","position":2,"name":"Die sch\u00f6nsten Motive im Schwarzwald"}]},{"@type":"WebSite","@id":"https:\/\/blafor.com\/guide\/#website","url":"https:\/\/blafor.com\/guide\/","name":"BlaFor.com Guide","description":"Reisef\u00fchrer durch den Schwarzwald","publisher":{"@id":"https:\/\/blafor.com\/guide\/#organization"},"potentialAction":[{"@type":"SearchAction","target":{"@type":"EntryPoint","urlTemplate":"https:\/\/blafor.com\/guide\/?s={search_term_string}"},"query-input":{"@type":"PropertyValueSpecification","valueRequired":true,"valueName":"search_term_string"}}],"inLanguage":"de"},{"@type":"Organization","@id":"https:\/\/blafor.com\/guide\/#organization","name":"BlaFor.com Guide","url":"https:\/\/blafor.com\/guide\/","logo":{"@type":"ImageObject","inLanguage":"de","@id":"https:\/\/blafor.com\/guide\/#\/schema\/logo\/image\/","url":"https:\/\/blafor.com\/guide\/wp-content\/uploads\/sites\/4\/2022\/08\/bfc-shop64.png","contentUrl":"https:\/\/blafor.com\/guide\/wp-content\/uploads\/sites\/4\/2022\/08\/bfc-shop64.png","width":400,"height":160,"caption":"BlaFor.com Guide"},"image":{"@id":"https:\/\/blafor.com\/guide\/#\/schema\/logo\/image\/"}},{"@type":"Person","@id":"https:\/\/blafor.com\/guide\/#\/schema\/person\/79eff7a1421b6bad914d5e120f902264","name":"ALIZEL","sameAs":["https:\/\/blafor.com"],"url":"https:\/\/blafor.com\/guide\/author\/zeljko\/"}]}},"acf":[],"taxonomy_info":{"category":[{"value":141,"label":"Kunst &amp; Kultur"}],"post_tag":[{"value":49,"label":"Fotografie"},{"value":50,"label":"Sch\u00f6ne Motive"},{"value":43,"label":"Spa\u00df"}]},"featured_image_src_large":["https:\/\/blafor.com\/guide\/wp-content\/uploads\/sites\/4\/2022\/02\/schluchsee-111-1024x575.jpg",1024,575,true],"author_info":{"display_name":"ALIZEL","author_link":"https:\/\/blafor.com\/guide\/author\/zeljko\/"},"comment_info":0,"category_info":[{"term_id":141,"name":"Kunst &amp; Kultur","slug":"kunst-kultur","term_group":0,"term_taxonomy_id":141,"taxonomy":"category","description":"Kunst &amp; Kultur im Schwarzwald","parent":8,"count":7,"filter":"raw","cat_ID":141,"category_count":7,"category_description":"Kunst &amp; Kultur im Schwarzwald","cat_name":"Kunst &amp; Kultur","category_nicename":"kunst-kultur","category_parent":8}],"tag_info":[{"term_id":49,"name":"Fotografie","slug":"fotografie","term_group":0,"term_taxonomy_id":49,"taxonomy":"post_tag","description":"","parent":0,"count":2,"filter":"raw"},{"term_id":50,"name":"Sch\u00f6ne Motive","slug":"schoene-motive","term_group":0,"term_taxonomy_id":50,"taxonomy":"post_tag","description":"","parent":0,"count":1,"filter":"raw"},{"term_id":43,"name":"Spa\u00df","slug":"spass","term_group":0,"term_taxonomy_id":43,"taxonomy":"post_tag","description":"","parent":0,"count":9,"filter":"raw"}],"_links":{"self":[{"href":"https:\/\/blafor.com\/guide\/wp-json\/wp\/v2\/posts\/143","targetHints":{"allow":["GET"]}}],"collection":[{"href":"https:\/\/blafor.com\/guide\/wp-json\/wp\/v2\/posts"}],"about":[{"href":"https:\/\/blafor.com\/guide\/wp-json\/wp\/v2\/types\/post"}],"author":[{"embeddable":true,"href":"https:\/\/blafor.com\/guide\/wp-json\/wp\/v2\/users\/1"}],"replies":[{"embeddable":true,"href":"https:\/\/blafor.com\/guide\/wp-json\/wp\/v2\/comments?post=143"}],"version-history":[{"count":0,"href":"https:\/\/blafor.com\/guide\/wp-json\/wp\/v2\/posts\/143\/revisions"}],"wp:featuredmedia":[{"embeddable":true,"href":"https:\/\/blafor.com\/guide\/wp-json\/wp\/v2\/media\/1192"}],"wp:attachment":[{"href":"https:\/\/blafor.com\/guide\/wp-json\/wp\/v2\/media?parent=143"}],"wp:term":[{"taxonomy":"category","embeddable":true,"href":"https:\/\/blafor.com\/guide\/wp-json\/wp\/v2\/categories?post=143"},{"taxonomy":"post_tag","embeddable":true,"href":"https:\/\/blafor.com\/guide\/wp-json\/wp\/v2\/tags?post=143"}],"curies":[{"name":"wp","href":"https:\/\/api.w.org\/{rel}","templated":true}]}}